{"id":9271,"date":"2025-07-08T15:38:00","date_gmt":"2025-07-08T14:38:00","guid":{"rendered":"https:\/\/www.opinometre.com\/?p=9271"},"modified":"2025-10-01T15:42:43","modified_gmt":"2025-10-01T14:42:43","slug":"encuesta-de-movilidad-en-dia-laboral-emef-2025","status":"publish","type":"post","link":"https:\/\/www.opinometre.com\/es\/2025\/07\/08\/encuesta-de-movilidad-en-dia-laboral-emef-2025\/","title":{"rendered":"ENCUESTA DE MOVILIDAD EN D\u00cdA LABORAL EMEF, 2025"},"content":{"rendered":"<section  class='av_textblock_section av-mg83hqjs-8b0756501d49616057d4eb6725589830 '   itemscope=\"itemscope\" itemtype=\"https:\/\/schema.org\/BlogPosting\" itemprop=\"blogPost\" ><div class='avia_textblock'  itemprop=\"text\" ><p style=\"text-align: center;\"><strong><em>La edici\u00f3n 2025 entrevistar\u00e1 a 10.100 personas.<\/em><\/strong><\/p>\n<p><img loading=\"lazy\" decoding=\"async\" class=\"size-medium wp-image-9268 alignleft\" src=\"https:\/\/www.opinometre.com\/wp-content\/uploads\/2025\/10\/emef2025-300x214.jpg\" alt=\"\" width=\"300\" height=\"214\" srcset=\"https:\/\/www.opinometre.com\/wp-content\/uploads\/2025\/10\/emef2025-300x214.jpg 300w, https:\/\/www.opinometre.com\/wp-content\/uploads\/2025\/10\/emef2025-260x185.jpg 260w, https:\/\/www.opinometre.com\/wp-content\/uploads\/2025\/10\/emef2025.jpg 500w\" sizes=\"auto, (max-width: 300px) 100vw, 300px\" \/>El <strong>Instituto Opin\u00f2metre<\/strong> est\u00e1 realizando este a\u00f1o 2025 la Encuesta de Movilidad en D\u00eda Laboral (EMEF).<\/p>\n<p>El Institut Metr\u00f2poli, por encargo de la Autoridad del Transporte Metropolitano (ATM), ha puesto en marcha en 2025, como cada a\u00f1o, la 23.\u00aa edici\u00f3n de la Encuesta de Movilidad en D\u00eda Laboral (EMEF 2025).<\/p>\n<p>Para conocer los patrones generales de movilidad de los residentes en la provincia de Barcelona y qu\u00e9 percepci\u00f3n tienen de los diferentes medios de transporte (sean p\u00fablicos o privados, motorizados o no motorizados), el <strong>Institut Opin\u00f2metre<\/strong> entrevistar\u00e1 a 10.100 personas sobre una muestra preseleccionada.<\/p>\n<\/div><\/section>\n","protected":false},"excerpt":{"rendered":"<p>El Instituto Opin\u00f2metre est\u00e1 realizando este a\u00f1o 2025 la Encuesta de Movilidad en D\u00eda Laboral (EMEF).<\/p>\n","protected":false},"author":1,"featured_media":9268,"comment_status":"closed","ping_status":"open","sticky":false,"template":"","format":"standard","meta":{"footnotes":""},"categories":[50,69,53],"tags":[],"class_list":["post-9271","post","type-post","status-publish","format-standard","has-post-thumbnail","hentry","category-actualidad","category-movilidad","category-noticias"],"_links":{"self":[{"href":"https:\/\/www.opinometre.com\/es\/wp-json\/wp\/v2\/posts\/9271","targetHints":{"allow":["GET"]}}],"collection":[{"href":"https:\/\/www.opinometre.com\/es\/wp-json\/wp\/v2\/posts"}],"about":[{"href":"https:\/\/www.opinometre.com\/es\/wp-json\/wp\/v2\/types\/post"}],"author":[{"embeddable":true,"href":"https:\/\/www.opinometre.com\/es\/wp-json\/wp\/v2\/users\/1"}],"replies":[{"embeddable":true,"href":"https:\/\/www.opinometre.com\/es\/wp-json\/wp\/v2\/comments?post=9271"}],"version-history":[{"count":1,"href":"https:\/\/www.opinometre.com\/es\/wp-json\/wp\/v2\/posts\/9271\/revisions"}],"predecessor-version":[{"id":9272,"href":"https:\/\/www.opinometre.com\/es\/wp-json\/wp\/v2\/posts\/9271\/revisions\/9272"}],"wp:featuredmedia":[{"embeddable":true,"href":"https:\/\/www.opinometre.com\/es\/wp-json\/wp\/v2\/media\/9268"}],"wp:attachment":[{"href":"https:\/\/www.opinometre.com\/es\/wp-json\/wp\/v2\/media?parent=9271"}],"wp:term":[{"taxonomy":"category","embeddable":true,"href":"https:\/\/www.opinometre.com\/es\/wp-json\/wp\/v2\/categories?post=9271"},{"taxonomy":"post_tag","embeddable":true,"href":"https:\/\/www.opinometre.com\/es\/wp-json\/wp\/v2\/tags?post=9271"}],"curies":[{"name":"wp","href":"https:\/\/api.w.org\/{rel}","templated":true}]}}