{"id":8432,"date":"2021-12-10T11:46:00","date_gmt":"2021-12-10T10:46:00","guid":{"rendered":"https:\/\/www.opinometre.com\/2022\/04\/07\/enquesta-de-participacio-cultural-epcc-2021\/"},"modified":"2022-04-11T15:02:57","modified_gmt":"2022-04-11T14:02:57","slug":"encuesta-participacion-cultural-epcc-2021","status":"publish","type":"post","link":"https:\/\/www.opinometre.com\/es\/2021\/12\/10\/encuesta-participacion-cultural-epcc-2021\/","title":{"rendered":"ENCUESTA DE PARTICIPACI\u00d3N CULTURAL (EPCC), 2021"},"content":{"rendered":"<section  class='av_textblock_section av-l1ovhg7a-1c08c65ba9761fc9f73e7e2c5b49eb48 '   itemscope=\"itemscope\" itemtype=\"https:\/\/schema.org\/BlogPosting\" itemprop=\"blogPost\" ><div class='avia_textblock'  itemprop=\"text\" ><h4 style=\"text-align: center;\"><strong>ENCUESTA DE PARTICIPACI\u00d3N CULTURAL (EPCC), 2021<\/strong><\/h4>\n<p><img loading=\"lazy\" decoding=\"async\" class=\"size-medium wp-image-8390 alignleft\" src=\"https:\/\/www.opinometre.com\/wp-content\/uploads\/2022\/04\/epcc-2021-300x168.png\" alt=\"\" width=\"300\" height=\"168\" srcset=\"https:\/\/www.opinometre.com\/wp-content\/uploads\/2022\/04\/epcc-2021-300x168.png 300w, https:\/\/www.opinometre.com\/wp-content\/uploads\/2022\/04\/epcc-2021.png 594w\" sizes=\"auto, (max-width: 300px) 100vw, 300px\" \/><\/p>\n<p>Institut Opin\u00f2metre ha recibido el encargo para realizar la Encuesta de Participaci\u00f3n Cultural en Catalu\u00f1a 2021 (EPCC2021). El objetivo de esta encuesta, incluida en el Programa Anual de Actuaci\u00f3n Estad\u00edstica 2021, es conocer el consumo efectivo de productos y servicios de car\u00e1cter cultural, y la estructura de los intereses de los catalanes en relaci\u00f3n con la cultura, sus pr\u00e1cticas activas y la lengua en la que se realizan estas pr\u00e1cticas. El desarrollo del trabajo de campo debe permitir mantener la comparabilidad con la serie hist\u00f3rica acumulada resultante de ediciones anteriores (2016 a 2020).<\/p>\n<p>La encuesta se dirige a una muestra representativa de poblaci\u00f3n de 14 y m\u00e1s a\u00f1os y residente en Catalu\u00f1a.<\/p>\n<\/div><\/section>\n","protected":false},"excerpt":{"rendered":"<p>Institut Opin\u00f2metre ha recibido el encargo para realizar la Encuesta de Participaci\u00f3n Cultural en Catalu\u00f1a 2021 (EPCC2021)<\/p>\n","protected":false},"author":1,"featured_media":8392,"comment_status":"closed","ping_status":"open","sticky":false,"template":"","format":"standard","meta":{"footnotes":""},"categories":[71,49],"tags":[],"class_list":["post-8432","post","type-post","status-publish","format-standard","has-post-thumbnail","hentry","category-cultura-y-formacion","category-trabajos"],"_links":{"self":[{"href":"https:\/\/www.opinometre.com\/es\/wp-json\/wp\/v2\/posts\/8432","targetHints":{"allow":["GET"]}}],"collection":[{"href":"https:\/\/www.opinometre.com\/es\/wp-json\/wp\/v2\/posts"}],"about":[{"href":"https:\/\/www.opinometre.com\/es\/wp-json\/wp\/v2\/types\/post"}],"author":[{"embeddable":true,"href":"https:\/\/www.opinometre.com\/es\/wp-json\/wp\/v2\/users\/1"}],"replies":[{"embeddable":true,"href":"https:\/\/www.opinometre.com\/es\/wp-json\/wp\/v2\/comments?post=8432"}],"version-history":[{"count":2,"href":"https:\/\/www.opinometre.com\/es\/wp-json\/wp\/v2\/posts\/8432\/revisions"}],"predecessor-version":[{"id":8495,"href":"https:\/\/www.opinometre.com\/es\/wp-json\/wp\/v2\/posts\/8432\/revisions\/8495"}],"wp:featuredmedia":[{"embeddable":true,"href":"https:\/\/www.opinometre.com\/es\/wp-json\/wp\/v2\/media\/8392"}],"wp:attachment":[{"href":"https:\/\/www.opinometre.com\/es\/wp-json\/wp\/v2\/media?parent=8432"}],"wp:term":[{"taxonomy":"category","embeddable":true,"href":"https:\/\/www.opinometre.com\/es\/wp-json\/wp\/v2\/categories?post=8432"},{"taxonomy":"post_tag","embeddable":true,"href":"https:\/\/www.opinometre.com\/es\/wp-json\/wp\/v2\/tags?post=8432"}],"curies":[{"name":"wp","href":"https:\/\/api.w.org\/{rel}","templated":true}]}}