{"id":8416,"date":"2021-10-05T11:23:00","date_gmt":"2021-10-05T10:23:00","guid":{"rendered":"https:\/\/www.opinometre.com\/2021\/10\/07\/serveis-de-informacio-ambiental-illes-balears-2021\/"},"modified":"2022-04-11T15:29:37","modified_gmt":"2022-04-11T14:29:37","slug":"servicios-informacion-ambiental-illes-balears-2021","status":"publish","type":"post","link":"https:\/\/www.opinometre.com\/es\/2021\/10\/05\/servicios-informacion-ambiental-illes-balears-2021\/","title":{"rendered":"SERVICIOS DE INFORMACI\u00d3N AMBIENTAL &#8211; ILLES BALEARS 2021"},"content":{"rendered":"<section  class='av_textblock_section av-l1ouomjc-f2002095af3aab52da7e2dbda1df11f6 '   itemscope=\"itemscope\" itemtype=\"https:\/\/schema.org\/BlogPosting\" itemprop=\"blogPost\" ><div class='avia_textblock'  itemprop=\"text\" ><h4 style=\"text-align: center;\"><strong>SERVICIOS DE INFORMACI\u00d3N AMBIENTAL EN DIFERENTES ESPACIOS DE RELEVANCIA AMBIENTAL DE LAS ILLES BALEARS LLOCS D&#8217;INTER\u00c8S COMUNITARI (LIC), 2021<\/strong><\/h4>\n<p><img loading=\"lazy\" decoding=\"async\" class=\"size-medium wp-image-8397 alignright\" src=\"https:\/\/www.opinometre.com\/wp-content\/uploads\/2022\/04\/informacio-ambiental-272x300.png\" alt=\"\" width=\"272\" height=\"300\" srcset=\"https:\/\/www.opinometre.com\/wp-content\/uploads\/2022\/04\/informacio-ambiental-272x300.png 272w, https:\/\/www.opinometre.com\/wp-content\/uploads\/2022\/04\/informacio-ambiental.png 439w\" sizes=\"auto, (max-width: 272px) 100vw, 272px\" \/><\/p>\n<p>Los meses de mayo a septiembre de 2021 se ha realizado una nueva edici\u00f3n del servicio de Informadores Ambientales en las islas de Mallorca, Menorca, Ibiza y Formentera.<\/p>\n<p>Tal y como sucedi\u00f3 en la edici\u00f3n de 2020, la misi\u00f3n del informador ha sido explicar a los visitantes de los LICs la normativa de uso p\u00fablico vigente, concretamente los l\u00edmites del espacio, el r\u00e9gimen de usos seg\u00fan la zonificaci\u00f3n, actividades permitidas y excluidas, reg\u00edmenes de autorizaciones y de buenas pr\u00e1cticas; as\u00ed como de los servicios que pod\u00edan encontrar en estos espacios (transportar p\u00fablico, zona de aparcamiento, servicio de socorrismo, puntos de descanso, disponibilidad de agua potable, etc.)<\/p>\n<\/div><\/section>\n","protected":false},"excerpt":{"rendered":"<p>Los meses de mayo a septiembre de 2021 se ha realizado una nueva edici\u00f3n del servicio de Informadores Ambientales en las islas de Mallorca, Menorca, Ibiza y Formentera.<\/p>\n","protected":false},"author":1,"featured_media":8398,"comment_status":"closed","ping_status":"open","sticky":false,"template":"","format":"standard","meta":{"footnotes":""},"categories":[50,53,49],"tags":[],"class_list":["post-8416","post","type-post","status-publish","format-standard","has-post-thumbnail","hentry","category-actualidad","category-noticias","category-trabajos"],"_links":{"self":[{"href":"https:\/\/www.opinometre.com\/es\/wp-json\/wp\/v2\/posts\/8416","targetHints":{"allow":["GET"]}}],"collection":[{"href":"https:\/\/www.opinometre.com\/es\/wp-json\/wp\/v2\/posts"}],"about":[{"href":"https:\/\/www.opinometre.com\/es\/wp-json\/wp\/v2\/types\/post"}],"author":[{"embeddable":true,"href":"https:\/\/www.opinometre.com\/es\/wp-json\/wp\/v2\/users\/1"}],"replies":[{"embeddable":true,"href":"https:\/\/www.opinometre.com\/es\/wp-json\/wp\/v2\/comments?post=8416"}],"version-history":[{"count":2,"href":"https:\/\/www.opinometre.com\/es\/wp-json\/wp\/v2\/posts\/8416\/revisions"}],"predecessor-version":[{"id":8514,"href":"https:\/\/www.opinometre.com\/es\/wp-json\/wp\/v2\/posts\/8416\/revisions\/8514"}],"wp:featuredmedia":[{"embeddable":true,"href":"https:\/\/www.opinometre.com\/es\/wp-json\/wp\/v2\/media\/8398"}],"wp:attachment":[{"href":"https:\/\/www.opinometre.com\/es\/wp-json\/wp\/v2\/media?parent=8416"}],"wp:term":[{"taxonomy":"category","embeddable":true,"href":"https:\/\/www.opinometre.com\/es\/wp-json\/wp\/v2\/categories?post=8416"},{"taxonomy":"post_tag","embeddable":true,"href":"https:\/\/www.opinometre.com\/es\/wp-json\/wp\/v2\/tags?post=8416"}],"curies":[{"name":"wp","href":"https:\/\/api.w.org\/{rel}","templated":true}]}}