{"id":7285,"date":"2019-03-15T17:11:21","date_gmt":"2019-03-15T16:11:21","guid":{"rendered":"https:\/\/www.opinometre.com\/2019\/03\/15\/enquesta-usos-percepcions-mitjans-audiovisuals\/"},"modified":"2019-12-20T18:50:12","modified_gmt":"2019-12-20T17:50:12","slug":"encuesta-usos-percepcion-medios-audiovisuales","status":"publish","type":"post","link":"https:\/\/www.opinometre.com\/es\/2019\/03\/15\/encuesta-usos-percepcion-medios-audiovisuales\/","title":{"rendered":"Encuesta de usos y percepci\u00f3n de los medios audiovisuales"},"content":{"rendered":"\n<style type=\"text\/css\" data-created_by=\"avia_inline_auto\" id=\"style-css-av-av_one_full-25347b0a799d5b9f7058434b2a9c3182\">\n.flex_column.av-av_one_full-25347b0a799d5b9f7058434b2a9c3182{\nborder-radius:0px 0px 0px 0px;\npadding:0px 0px 0px 0px;\n}\n<\/style>\n<div  class='flex_column av-av_one_full-25347b0a799d5b9f7058434b2a9c3182 av_one_full  avia-builder-el-0  el_before_av_one_full  avia-builder-el-first  first flex_column_div av-zero-column-padding  '     ><section  class='av_textblock_section av-k4eg8h3a-f5c2dab2aad37f1c0e222dd3d48d6f25 '   itemscope=\"itemscope\" itemtype=\"https:\/\/schema.org\/BlogPosting\" itemprop=\"blogPost\" ><div class='avia_textblock'  itemprop=\"text\" ><h3>Encuesta de usos y percepci\u00f3n de los medios audiovisuales<\/h3>\n<\/div><\/section><\/div>\n<style type=\"text\/css\" data-created_by=\"avia_inline_auto\" id=\"style-css-av-328k9u-a240ca331755056bb66662c2c7cce4ca\">\n.flex_column.av-328k9u-a240ca331755056bb66662c2c7cce4ca{\nborder-radius:0px 0px 0px 0px;\npadding:0px 0px 0px 0px;\n}\n<\/style>\n<div  class='flex_column av-328k9u-a240ca331755056bb66662c2c7cce4ca av_one_full  avia-builder-el-2  el_after_av_one_full  avia-builder-el-last  first flex_column_div av-zero-column-padding  column-top-margin'     ><section  class='av_textblock_section av-k4ecp922-e61745e93bc5726dae9867ec08d8b0f9 '   itemscope=\"itemscope\" itemtype=\"https:\/\/schema.org\/BlogPosting\" itemprop=\"blogPost\" ><div class='avia_textblock'  itemprop=\"text\" ><p>El <strong>Instituto Opinometre<\/strong> ha sido el encargado de realizar el trabajo de campo de la<strong> Encuesta de usos y percepciones de los medios audiovisuales<\/strong> del C<strong>entro de Estudios de Opini\u00f3n<\/strong> (CEO) en su edici\u00f3n de 2019.<\/p>\n<p><img loading=\"lazy\" decoding=\"async\" class=\"size-medium wp-image-7230 alignright\" src=\"https:\/\/www.opinometre.com\/wp-content\/uploads\/2019\/12\/audiovideo-300x200.jpeg\" alt=\"\" width=\"300\" height=\"200\" srcset=\"https:\/\/www.opinometre.com\/wp-content\/uploads\/2019\/12\/audiovideo-300x200.jpeg 300w, https:\/\/www.opinometre.com\/wp-content\/uploads\/2019\/12\/audiovideo-768x512.jpeg 768w, https:\/\/www.opinometre.com\/wp-content\/uploads\/2019\/12\/audiovideo-1030x686.jpeg 1030w, https:\/\/www.opinometre.com\/wp-content\/uploads\/2019\/12\/audiovideo-1500x1000.jpeg 1500w, https:\/\/www.opinometre.com\/wp-content\/uploads\/2019\/12\/audiovideo-705x470.jpeg 705w, https:\/\/www.opinometre.com\/wp-content\/uploads\/2019\/12\/audiovideo-450x300.jpeg 450w, https:\/\/www.opinometre.com\/wp-content\/uploads\/2019\/12\/audiovideo.jpeg 1880w\" sizes=\"auto, (max-width: 300px) 100vw, 300px\" \/><\/p>\n<p>La encuesta ha querido establecer el <strong>estado actual de los medios audiovisuales en Catalunya<\/strong>, preguntando sobre el equipamiento tecnol\u00f3gico de los hogares catalanes, las pr\u00e1cticas de consumo audiovisual y su valoraci\u00f3n (televisi\u00f3n, radio, Internet), la valoraci\u00f3n de los medios p\u00fablicos y la <strong>necesidad de regulaci\u00f3n de los contenidos audiovisuales<\/strong>.<\/p>\n<p>La muestra se ha realizado entre los d\u00edas 4 y 25 de febrero de 2019 en municipios de toda Catalunya mediante metodolog\u00eda <strong>CAPI<\/strong> (entrevistas presenciales asistidas por ordenador), y se han recogido un total de 1.600 entrevistas.<\/p>\n<\/div><\/section><\/div><\/p>\n","protected":false},"excerpt":{"rendered":"<p>El Instituto Opinometre ha sido el encargado de realizar el trabajo de campo de la Encuesta de usos y percepciones de los medios audiovisuales del Centro de Estudios de Opini\u00f3n (CEO) en su edici\u00f3n de 2019<\/p>\n","protected":false},"author":1,"featured_media":7232,"comment_status":"closed","ping_status":"open","sticky":false,"template":"","format":"standard","meta":{"footnotes":""},"categories":[71],"tags":[],"class_list":["post-7285","post","type-post","status-publish","format-standard","has-post-thumbnail","hentry","category-cultura-y-formacion"],"_links":{"self":[{"href":"https:\/\/www.opinometre.com\/es\/wp-json\/wp\/v2\/posts\/7285","targetHints":{"allow":["GET"]}}],"collection":[{"href":"https:\/\/www.opinometre.com\/es\/wp-json\/wp\/v2\/posts"}],"about":[{"href":"https:\/\/www.opinometre.com\/es\/wp-json\/wp\/v2\/types\/post"}],"author":[{"embeddable":true,"href":"https:\/\/www.opinometre.com\/es\/wp-json\/wp\/v2\/users\/1"}],"replies":[{"embeddable":true,"href":"https:\/\/www.opinometre.com\/es\/wp-json\/wp\/v2\/comments?post=7285"}],"version-history":[{"count":2,"href":"https:\/\/www.opinometre.com\/es\/wp-json\/wp\/v2\/posts\/7285\/revisions"}],"predecessor-version":[{"id":7358,"href":"https:\/\/www.opinometre.com\/es\/wp-json\/wp\/v2\/posts\/7285\/revisions\/7358"}],"wp:featuredmedia":[{"embeddable":true,"href":"https:\/\/www.opinometre.com\/es\/wp-json\/wp\/v2\/media\/7232"}],"wp:attachment":[{"href":"https:\/\/www.opinometre.com\/es\/wp-json\/wp\/v2\/media?parent=7285"}],"wp:term":[{"taxonomy":"category","embeddable":true,"href":"https:\/\/www.opinometre.com\/es\/wp-json\/wp\/v2\/categories?post=7285"},{"taxonomy":"post_tag","embeddable":true,"href":"https:\/\/www.opinometre.com\/es\/wp-json\/wp\/v2\/tags?post=7285"}],"curies":[{"name":"wp","href":"https:\/\/api.w.org\/{rel}","templated":true}]}}