{"id":7273,"date":"2019-12-20T16:42:29","date_gmt":"2019-12-20T15:42:29","guid":{"rendered":"https:\/\/www.opinometre.com\/2019\/12\/20\/enquesta-valoracio-politiques-publiques-ceo\/"},"modified":"2019-12-20T18:45:53","modified_gmt":"2019-12-20T17:45:53","slug":"encuesta-valoracion-politicas-publicas-ceo","status":"publish","type":"post","link":"https:\/\/www.opinometre.com\/es\/2019\/12\/20\/encuesta-valoracion-politicas-publicas-ceo\/","title":{"rendered":"Encuesta de Valoraci\u00f3n de Pol\u00edticas P\u00fablicas (CEO)"},"content":{"rendered":"\n<style type=\"text\/css\" data-created_by=\"avia_inline_auto\" id=\"style-css-av-av_one_full-25347b0a799d5b9f7058434b2a9c3182\">\n.flex_column.av-av_one_full-25347b0a799d5b9f7058434b2a9c3182{\nborder-radius:0px 0px 0px 0px;\npadding:0px 0px 0px 0px;\n}\n<\/style>\n<div  class='flex_column av-av_one_full-25347b0a799d5b9f7058434b2a9c3182 av_one_full  avia-builder-el-0  el_before_av_one_full  avia-builder-el-first  first flex_column_div av-zero-column-padding  '     ><section  class='av_textblock_section av-k4eg2ygu-338284d78bcd965060e8802e3f8441a5 '   itemscope=\"itemscope\" itemtype=\"https:\/\/schema.org\/BlogPosting\" itemprop=\"blogPost\" ><div class='avia_textblock'  itemprop=\"text\" ><h3>Encuesta de Valoraci\u00f3n de Pol\u00edticas P\u00fablicas (CEO)<\/h3>\n<\/div><\/section><\/div>\n<style type=\"text\/css\" data-created_by=\"avia_inline_auto\" id=\"style-css-av-bpysn-3fe1ca919f8509cb0b30dfa90d0092b7\">\n.flex_column.av-bpysn-3fe1ca919f8509cb0b30dfa90d0092b7{\nborder-radius:0px 0px 0px 0px;\npadding:0px 0px 0px 0px;\n}\n<\/style>\n<div  class='flex_column av-bpysn-3fe1ca919f8509cb0b30dfa90d0092b7 av_one_full  avia-builder-el-2  el_after_av_one_full  avia-builder-el-last  first flex_column_div av-zero-column-padding  column-top-margin'     ><section  class='av_textblock_section av-k4ebnqq5-b2ea536f0e28fd5d3d732179b832a18f '   itemscope=\"itemscope\" itemtype=\"https:\/\/schema.org\/BlogPosting\" itemprop=\"blogPost\" ><div class='avia_textblock'  itemprop=\"text\" ><p><img loading=\"lazy\" decoding=\"async\" class=\"size-full wp-image-6261 aligncenter\" src=\"https:\/\/www.opinometre.com\/wp-content\/uploads\/2019\/03\/Image00001-2.png\" alt=\"\" width=\"250\" height=\"82\" \/><\/p>\n<p>El <strong>Instituto Opinometre<\/strong> se ha hecho cargo, a instancias del <strong>Centro de Estudios de Opini\u00f3n<\/strong> (CEO), del trabajo de campo de la <strong>Encuesta de percepci\u00f3n de las pol\u00edticas p\u00fablicas y valoraci\u00f3n del Gobierno de la Generalitat<\/strong> en su edici\u00f3n de 2019.<\/p>\n<p>La encuesta ha preguntado sobre el <strong>uso y valoraci\u00f3n de los servicios p\u00fablicos<\/strong> de la administraci\u00f3n catalana por parte de los ciudadanos entrevistados y sobre la visi\u00f3n que tienen estos sobre la gesti\u00f3n del Gobierno de la Generalitat.<\/p>\n<p>Las encuestas se han realizado entre los d\u00edas 18 de noviembre y 12 de diciembre de 2019 en municipios de toda la geograf\u00eda catalana mediante metodolog\u00eda CAPI (entrevistas presenciales asistidas por ordenador). La muestra final ha sido de 1.600 entrevistas.<\/p>\n<\/div><\/section><\/div><\/p>\n","protected":false},"excerpt":{"rendered":"<p>El Instituto Opinometre se ha hecho cargo, a instancias del Centro de Estudios de Opini\u00f3n (CEO), del trabajo de campo de la Encuesta de percepci\u00f3n de las pol\u00edticas p\u00fablicas y valoraci\u00f3n del Gobierno de la Generalitat en su edici\u00f3n de 2019<\/p>\n","protected":false},"author":1,"featured_media":7259,"comment_status":"closed","ping_status":"open","sticky":false,"template":"","format":"standard","meta":{"footnotes":""},"categories":[67],"tags":[],"class_list":["post-7273","post","type-post","status-publish","format-standard","has-post-thumbnail","hentry","category-seguridad-y-politicas-publicas"],"_links":{"self":[{"href":"https:\/\/www.opinometre.com\/es\/wp-json\/wp\/v2\/posts\/7273","targetHints":{"allow":["GET"]}}],"collection":[{"href":"https:\/\/www.opinometre.com\/es\/wp-json\/wp\/v2\/posts"}],"about":[{"href":"https:\/\/www.opinometre.com\/es\/wp-json\/wp\/v2\/types\/post"}],"author":[{"embeddable":true,"href":"https:\/\/www.opinometre.com\/es\/wp-json\/wp\/v2\/users\/1"}],"replies":[{"embeddable":true,"href":"https:\/\/www.opinometre.com\/es\/wp-json\/wp\/v2\/comments?post=7273"}],"version-history":[{"count":2,"href":"https:\/\/www.opinometre.com\/es\/wp-json\/wp\/v2\/posts\/7273\/revisions"}],"predecessor-version":[{"id":7343,"href":"https:\/\/www.opinometre.com\/es\/wp-json\/wp\/v2\/posts\/7273\/revisions\/7343"}],"wp:featuredmedia":[{"embeddable":true,"href":"https:\/\/www.opinometre.com\/es\/wp-json\/wp\/v2\/media\/7259"}],"wp:attachment":[{"href":"https:\/\/www.opinometre.com\/es\/wp-json\/wp\/v2\/media?parent=7273"}],"wp:term":[{"taxonomy":"category","embeddable":true,"href":"https:\/\/www.opinometre.com\/es\/wp-json\/wp\/v2\/categories?post=7273"},{"taxonomy":"post_tag","embeddable":true,"href":"https:\/\/www.opinometre.com\/es\/wp-json\/wp\/v2\/tags?post=7273"}],"curies":[{"name":"wp","href":"https:\/\/api.w.org\/{rel}","templated":true}]}}