{"id":7139,"date":"2018-11-07T08:59:38","date_gmt":"2018-11-07T07:59:38","guid":{"rendered":"https:\/\/www.opinometre.com\/2018\/11\/07\/linstitut-opinometre-recompte-passatgers-renfe-2018\/"},"modified":"2019-09-10T09:39:58","modified_gmt":"2019-09-10T08:39:58","slug":"linstituto-opinometre-recuento-pasajeros-renfe-2018","status":"publish","type":"post","link":"https:\/\/www.opinometre.com\/es\/2018\/11\/07\/linstituto-opinometre-recuento-pasajeros-renfe-2018\/","title":{"rendered":"El Instituto Opin\u00f2metre hace, un a\u00f1o m\u00e1s, el recuento de pasajeros de Renfe"},"content":{"rendered":"\n<style type=\"text\/css\" data-created_by=\"avia_inline_auto\" id=\"style-css-av-2btk1e-9b36805de2475210be9f239b409f0ca9\">\n.flex_column.av-2btk1e-9b36805de2475210be9f239b409f0ca9{\nborder-radius:0px 0px 0px 0px;\npadding:0px 0px 0px 0px;\n}\n<\/style>\n<div  class='flex_column av-2btk1e-9b36805de2475210be9f239b409f0ca9 av_one_full  avia-builder-el-0  avia-builder-el-no-sibling  first flex_column_div av-zero-column-padding  '     ><section  class='av_textblock_section av-k06efxcv-ad13a63f746185dba535de0349a84dce '   itemscope=\"itemscope\" itemtype=\"https:\/\/schema.org\/BlogPosting\" itemprop=\"blogPost\" ><div class='avia_textblock'  itemprop=\"text\" ><div id=\"attachment_7132\" style=\"width: 310px\" class=\"wp-caption alignright\"><img loading=\"lazy\" decoding=\"async\" aria-describedby=\"caption-attachment-7132\" class=\"wp-image-7132 size-medium\" title=\"Estaci\u00f3n de Sants\" src=\"https:\/\/www.opinometre.com\/wp-content\/uploads\/2019\/09\/IMG_2955_-300x200.jpg\" alt=\"Estaci\u00f3n de Sants\" width=\"300\" height=\"200\" srcset=\"https:\/\/www.opinometre.com\/wp-content\/uploads\/2019\/09\/IMG_2955_-300x200.jpg 300w, https:\/\/www.opinometre.com\/wp-content\/uploads\/2019\/09\/IMG_2955_-768x512.jpg 768w, https:\/\/www.opinometre.com\/wp-content\/uploads\/2019\/09\/IMG_2955_-1030x686.jpg 1030w, https:\/\/www.opinometre.com\/wp-content\/uploads\/2019\/09\/IMG_2955_-1500x999.jpg 1500w, https:\/\/www.opinometre.com\/wp-content\/uploads\/2019\/09\/IMG_2955_-705x470.jpg 705w, https:\/\/www.opinometre.com\/wp-content\/uploads\/2019\/09\/IMG_2955_-450x300.jpg 450w, https:\/\/www.opinometre.com\/wp-content\/uploads\/2019\/09\/IMG_2955_.jpg 1732w\" sizes=\"auto, (max-width: 300px) 100vw, 300px\" \/><p id=\"caption-attachment-7132\" class=\"wp-caption-text\">Estaci\u00f3n de Sants<\/p><\/div>\n<p>Los d\u00edas 8 y 13 de noviembre de 2018 m\u00e1s de 500 personas han contado loa pasajeros y pasajeras que suben y bajan de les estaciones de rodalies de Renfe de Barcelona. \u00a0Las personas que cuentan el aforo est\u00e1n distribuidas por todas las estaciones de rodalies desde las 4 de la madrugada hasta las 12 de la noche con el objetivo de contabilizar el volumen de pasajeros en cada estaci\u00f3n y las horas pico.<\/p>\n<p>Desde 2016 Renfe encarga al <strong>Instituto OPINOMETRE<\/strong> el\u00a0 trabajo de campo para la realizaci\u00f3n de los aforos\u00a0 en <strong><em>Rodalies<\/em><\/strong> y en <strong><em>Regionale<\/em>s<\/strong> en todas las estaciones de Catalu\u00f1a.<\/p>\n<div id=\"attachment_7129\" style=\"width: 179px\" class=\"wp-caption alignleft\"><img loading=\"lazy\" decoding=\"async\" aria-describedby=\"caption-attachment-7129\" class=\"wp-image-7129 size-medium\" title=\"Sant Andreu\" src=\"https:\/\/www.opinometre.com\/wp-content\/uploads\/2019\/09\/Sant-Andreu-169x300-169x300.jpg\" alt=\"Sant Andreu\" width=\"169\" height=\"300\" \/><p id=\"caption-attachment-7129\" class=\"wp-caption-text\">Sant Andreu<\/p><\/div>\n<p>Las correspondientes investigaciones se hacen durante el oto\u00f1o, para garantizar la homogeneidad de la serie hist\u00f3rica; y concentradas en la extensi\u00f3n temporal, con el objetivo de preservar la uniformidad del contexto.<\/p>\n<\/div><\/section><\/div>\n","protected":false},"excerpt":{"rendered":"<p>Desde 2016 Renfe encarga al Instituto OPINOMETRE el\u00a0 trabajo de campo para la realizaci\u00f3n de los aforos\u00a0 en Rodalies y en Regionales en todas las estaciones de Catalu\u00f1a.<\/p>\n","protected":false},"author":1,"featured_media":7134,"comment_status":"closed","ping_status":"open","sticky":false,"template":"","format":"standard","meta":{"footnotes":""},"categories":[3],"tags":[],"class_list":["post-7139","post","type-post","status-publish","format-standard","has-post-thumbnail","hentry","category-sin-categorizar"],"_links":{"self":[{"href":"https:\/\/www.opinometre.com\/es\/wp-json\/wp\/v2\/posts\/7139","targetHints":{"allow":["GET"]}}],"collection":[{"href":"https:\/\/www.opinometre.com\/es\/wp-json\/wp\/v2\/posts"}],"about":[{"href":"https:\/\/www.opinometre.com\/es\/wp-json\/wp\/v2\/types\/post"}],"author":[{"embeddable":true,"href":"https:\/\/www.opinometre.com\/es\/wp-json\/wp\/v2\/users\/1"}],"replies":[{"embeddable":true,"href":"https:\/\/www.opinometre.com\/es\/wp-json\/wp\/v2\/comments?post=7139"}],"version-history":[{"count":3,"href":"https:\/\/www.opinometre.com\/es\/wp-json\/wp\/v2\/posts\/7139\/revisions"}],"predecessor-version":[{"id":7178,"href":"https:\/\/www.opinometre.com\/es\/wp-json\/wp\/v2\/posts\/7139\/revisions\/7178"}],"wp:featuredmedia":[{"embeddable":true,"href":"https:\/\/www.opinometre.com\/es\/wp-json\/wp\/v2\/media\/7134"}],"wp:attachment":[{"href":"https:\/\/www.opinometre.com\/es\/wp-json\/wp\/v2\/media?parent=7139"}],"wp:term":[{"taxonomy":"category","embeddable":true,"href":"https:\/\/www.opinometre.com\/es\/wp-json\/wp\/v2\/categories?post=7139"},{"taxonomy":"post_tag","embeddable":true,"href":"https:\/\/www.opinometre.com\/es\/wp-json\/wp\/v2\/tags?post=7139"}],"curies":[{"name":"wp","href":"https:\/\/api.w.org\/{rel}","templated":true}]}}