{"id":5220,"date":"2019-02-27T16:48:30","date_gmt":"2019-02-27T15:48:30","guid":{"rendered":"https:\/\/www.opinometre.com\/2019\/02\/27\/presentacio-del-llibre-la-sanidad-espanola-en-cifras\/"},"modified":"2019-12-20T18:51:21","modified_gmt":"2019-12-20T17:51:21","slug":"presentacio-del-llibre-la-sanidad-espanola-en-cifras","status":"publish","type":"post","link":"https:\/\/www.opinometre.com\/es\/2019\/02\/27\/presentacio-del-llibre-la-sanidad-espanola-en-cifras\/","title":{"rendered":"Presentaci\u00f3n del libro: \u201cLa Sanidad espa\u00f1ola en cifras 2018\u201d"},"content":{"rendered":"<section  class='av_textblock_section av-jteiw8km-5146bb3da23c0da3f70591841c5040a4 '   itemscope=\"itemscope\" itemtype=\"https:\/\/schema.org\/BlogPosting\" itemprop=\"blogPost\" ><div class='avia_textblock'  itemprop=\"text\" ><p><img loading=\"lazy\" decoding=\"async\" class=\"alignleft wp-image-5209 size-full\" src=\"https:\/\/www.opinometre.com\/wp-content\/uploads\/2019\/03\/Portada-La-Sanidad-EspaC3B1ola-en-Cifras-2018-215x300-215x300.jpg\" alt=\"\" width=\"215\" height=\"300\" \/>El C\u00edrculo de la Sanidad i la Fundaci\u00f3 Gaspar Casal presenten al Ministeri de Sanitat \u201cLa Sanidad espa\u00f1ola en cifras 2018\u201c un informe bianual que mostra els principals indicadors que descriuen el funcionament i resultats del sistema sanitari. La doctora Alicia Coduras, investigadora de l\u2019Institut Opin\u00f2metre ha participat en aquest estudi com a coordinadora del llibre.<\/p>\n<p>Una de les conclusions de l\u2019estudi \u00e9s que la sanitat p\u00fablica espanyola \u201cva mantenir la seva reconeguda posici\u00f3 en el marc global i europeu, resistint el clima econ\u00f2mic advers i iniciant un cam\u00ed de millora en diversos apartats\u201c.<\/p>\n<p>El llibre inclou informaci\u00f3 relativa a la inversi\u00f3, les llistes d\u2019espera, l\u2019evoluci\u00f3 demogr\u00e0fica, la mortalitat, la caracteritzaci\u00f3 sociodemogr\u00e0fica i de benestar de la poblaci\u00f3, els estils de vida i els determinants biol\u00f2gics i socials, entre altres apartats. Aix\u00ed mateix, cont\u00e9 informaci\u00f3 espec\u00edfica per comunitats aut\u00f2nomes, una cosa especialment rellevant si es t\u00e9 en compte que la sanitat \u00e9s una compet\u00e8ncia transferida en una part important a les autonomies.<\/p>\n<p>La pressi\u00f3 assistencial va augmentar progressivament a Espanya entre els anys 2012 i 2016 de forma discreta i d\u2019acord amb l\u2019augment de necessitats de la poblaci\u00f3, i especialment, la major de 65 anys. L\u2019esperan\u00e7a mitjana de vida es va situar en 82,5 anys, una de les m\u00e9s altes del m\u00f3n, per la qual cosa la problem\u00e0tica associada a l\u2019envelliment \u00e9s un dels grans reptes que afronta el nostre sistema sanitari en totes les Comunitats Aut\u00f2nomes. Aix\u00ed mateix, l\u2019elevada taxa de desocupaci\u00f3 juvenil, incrementa l\u2019\u00edndex de depend\u00e8ncia juvenil en nombroses comunitats aut\u00f2nomes, per la qual cosa aquest apartat necessita tamb\u00e9 d\u2019atenci\u00f3 al costat de la depend\u00e8ncia de persones majors.<\/p>\n<p><img loading=\"lazy\" decoding=\"async\" class=\"wp-image-5212 size-medium alignright\" src=\"https:\/\/www.opinometre.com\/wp-content\/uploads\/2019\/03\/WhatsApp-Image-2019-02-27-at-12.52.50-768x576-300x225.jpeg\" alt=\"\" width=\"300\" height=\"225\" srcset=\"https:\/\/www.opinometre.com\/wp-content\/uploads\/2019\/03\/WhatsApp-Image-2019-02-27-at-12.52.50-768x576-300x225.jpeg 300w, https:\/\/www.opinometre.com\/wp-content\/uploads\/2019\/03\/WhatsApp-Image-2019-02-27-at-12.52.50-768x576.jpeg 768w, https:\/\/www.opinometre.com\/wp-content\/uploads\/2019\/03\/WhatsApp-Image-2019-02-27-at-12.52.50-768x576-705x529.jpeg 705w, https:\/\/www.opinometre.com\/wp-content\/uploads\/2019\/03\/WhatsApp-Image-2019-02-27-at-12.52.50-768x576-450x338.jpeg 450w\" sizes=\"auto, (max-width: 300px) 100vw, 300px\" \/><\/p>\n<p>La taxa de mortalitat general ajustada per edat espanyola va disminuir un 3,5% entre els anys 2012 i 2015, de manera que el nostre pa\u00eds va ocupar aquest any la desena posici\u00f3 entre 32 pa\u00efsos europeus. Les causes m\u00e9s prevalents s\u00f3n les associades amb malalties del sistema respiratori, les neopl\u00e0sies malignes de c\u00f2lon i canal rectal, el consum de drogues i la mortalitat perinatal.<br \/>\nEn l\u2019apartat de la morbiditat, 5 taxes (Hospitalitzaci\u00f3 de diabetis, tuberculosi, malalties cerebrovasculars, malalties hipertensives i EPOC), van disminuir en m\u00e9s del 50% de les autonomies entre els anys 2012 i 2016. Les taxes menys el\u00e0stiques han estat les d\u2019accidents (laborals i de tr\u00e0nsit). L\u2019asma, la diabetis i els trastorns mentals (especialment l\u2019Alzheimer) han augmentat lleu per\u00f2 significativament).<\/p>\n<p>En estils de vida, cal destacar 5 disminucions positives (taxa de risc de bevedors d\u2019alcohol, consum de tabac, nounats prematurs, taxa de pobresa i percentatge de persones de 25-64 anys amb estudis inferiors a primaris) i 4 augments amb impacte negatiu (sedentarisme, consum de c\u00e0nnabis en poblaci\u00f3 major i adolescent, sobrep\u00e8s i obesitat i nounats amb baix pes)<\/p>\n<p>Finalment, destaquem que la cobertura de poblaci\u00f3 pel sistema de sanitat p\u00fablic est\u00e0 entorn del 99% de la poblaci\u00f3 en totes les autonomies i que la despesa p\u00fablica ha augmentat discretament, si b\u00e9, no de manera uniforme en totes les autonomies, advertint-se que seria desitjable un increment d\u2019inversi\u00f3 en recursos humans i materials amb la finalitat de millorar la gesti\u00f3 i ajustar la demanda als serveis minorant l\u2019impacte de les llistes i temps d\u2019espera, aspecte m\u00e9s feble de l\u2019estructura del sistema.<\/p>\n<\/div><\/section>\n","protected":false},"excerpt":{"rendered":"<p>El C\u00edrculo de la Sanidad y la Fundaci\u00f3n Gaspar Casal presentan en el Ministerio de Sanidad \u201cLa Sanidad espa\u00f1ola en cifras 2018\u201c\u00a0un informe bianual que muestra los principales indicadores que describen el funcionamiento y resultados del sistema sanitario.\u00a0La doctora Alicia Coduras, investigadora del Instituto Opin\u00f2metre ha participado en este estudio como coordinadora del libro.<\/p>\n","protected":false},"author":1,"featured_media":5230,"comment_status":"closed","ping_status":"open","sticky":false,"template":"","format":"standard","meta":{"footnotes":""},"categories":[50,53],"tags":[],"class_list":["post-5220","post","type-post","status-publish","format-standard","has-post-thumbnail","hentry","category-actualidad","category-noticias"],"_links":{"self":[{"href":"https:\/\/www.opinometre.com\/es\/wp-json\/wp\/v2\/posts\/5220","targetHints":{"allow":["GET"]}}],"collection":[{"href":"https:\/\/www.opinometre.com\/es\/wp-json\/wp\/v2\/posts"}],"about":[{"href":"https:\/\/www.opinometre.com\/es\/wp-json\/wp\/v2\/types\/post"}],"author":[{"embeddable":true,"href":"https:\/\/www.opinometre.com\/es\/wp-json\/wp\/v2\/users\/1"}],"replies":[{"embeddable":true,"href":"https:\/\/www.opinometre.com\/es\/wp-json\/wp\/v2\/comments?post=5220"}],"version-history":[{"count":3,"href":"https:\/\/www.opinometre.com\/es\/wp-json\/wp\/v2\/posts\/5220\/revisions"}],"predecessor-version":[{"id":5232,"href":"https:\/\/www.opinometre.com\/es\/wp-json\/wp\/v2\/posts\/5220\/revisions\/5232"}],"wp:featuredmedia":[{"embeddable":true,"href":"https:\/\/www.opinometre.com\/es\/wp-json\/wp\/v2\/media\/5230"}],"wp:attachment":[{"href":"https:\/\/www.opinometre.com\/es\/wp-json\/wp\/v2\/media?parent=5220"}],"wp:term":[{"taxonomy":"category","embeddable":true,"href":"https:\/\/www.opinometre.com\/es\/wp-json\/wp\/v2\/categories?post=5220"},{"taxonomy":"post_tag","embeddable":true,"href":"https:\/\/www.opinometre.com\/es\/wp-json\/wp\/v2\/tags?post=5220"}],"curies":[{"name":"wp","href":"https:\/\/api.w.org\/{rel}","templated":true}]}}