{"id":9269,"date":"2025-07-08T15:38:00","date_gmt":"2025-07-08T14:38:00","guid":{"rendered":"https:\/\/www.opinometre.com\/?p=9269"},"modified":"2025-10-01T15:40:27","modified_gmt":"2025-10-01T14:40:27","slug":"enquesta-de-mobilitat-en-dia-feiner-emef-2025","status":"publish","type":"post","link":"https:\/\/www.opinometre.com\/ca\/2025\/07\/08\/enquesta-de-mobilitat-en-dia-feiner-emef-2025\/","title":{"rendered":"ENQUESTA DE MOBILITAT EN DIA FEINER EMEF, 2025"},"content":{"rendered":"<section  class='av_textblock_section av-mg83egxn-0137004a87b7f2a883b1c60860efdaba '   itemscope=\"itemscope\" itemtype=\"https:\/\/schema.org\/BlogPosting\" itemprop=\"blogPost\" ><div class='avia_textblock'  itemprop=\"text\" ><p style=\"text-align: center;\"><strong><em>La edici\u00f3n 2025 entrevistar\u00e1 a 10.100 personas<\/em><\/strong><\/p>\n<p><img loading=\"lazy\" decoding=\"async\" class=\"size-medium wp-image-9266 alignleft\" src=\"https:\/\/www.opinometre.com\/wp-content\/uploads\/2025\/10\/emef2025-300x214.jpg\" alt=\"\" width=\"300\" height=\"214\" srcset=\"https:\/\/www.opinometre.com\/wp-content\/uploads\/2025\/10\/emef2025-300x214.jpg 300w, https:\/\/www.opinometre.com\/wp-content\/uploads\/2025\/10\/emef2025-260x185.jpg 260w, https:\/\/www.opinometre.com\/wp-content\/uploads\/2025\/10\/emef2025.jpg 500w\" sizes=\"auto, (max-width: 300px) 100vw, 300px\" \/>L\u2019<strong>Institut Opin\u00f2metre <\/strong>est\u00e0 realitzant aquest any 2025 l\u2019Enquesta de <em>Mobilitat en Dia Feiner<\/em> (EMEF).<\/p>\n<p>L\u2019Institut Metr\u00f2poli, per enc\u00e0rrec de l\u2019Autoritat del Transport Metropolit\u00e0 (ATM), ha posat en marxa aquest 2025, com cada any, la 23a edici\u00f3 de l\u2019Enquesta de Mobilitat en dia feiner (EMEF 2025).<\/p>\n<p>Per con\u00e8ixer els patrons generals de mobilitat dels residents a la prov\u00edncia de Barcelona i quina percepci\u00f3 tenen dels diferents mitjans de transport (siguin p\u00fablics o privats, motoritzats o no motoritzats), l\u2019I<strong>nstitut Opin\u00f2metre <\/strong>entrevistar\u00e0 10.100 persones sobre una mostra preseleccionada.<\/p>\n<\/div><\/section>\n","protected":false},"excerpt":{"rendered":"<p>L\u2019Institut Opin\u00f2metre est\u00e0 realitzant aquest any 2025 l\u2019Enquesta de Mobilitat en Dia Feiner (EMEF).<\/p>\n","protected":false},"author":1,"featured_media":9266,"comment_status":"closed","ping_status":"open","sticky":false,"template":"","format":"standard","meta":{"footnotes":""},"categories":[45,68,46],"tags":[],"class_list":["post-9269","post","type-post","status-publish","format-standard","has-post-thumbnail","hentry","category-actualitat","category-mobilitat","category-noticies"],"_links":{"self":[{"href":"https:\/\/www.opinometre.com\/ca\/wp-json\/wp\/v2\/posts\/9269","targetHints":{"allow":["GET"]}}],"collection":[{"href":"https:\/\/www.opinometre.com\/ca\/wp-json\/wp\/v2\/posts"}],"about":[{"href":"https:\/\/www.opinometre.com\/ca\/wp-json\/wp\/v2\/types\/post"}],"author":[{"embeddable":true,"href":"https:\/\/www.opinometre.com\/ca\/wp-json\/wp\/v2\/users\/1"}],"replies":[{"embeddable":true,"href":"https:\/\/www.opinometre.com\/ca\/wp-json\/wp\/v2\/comments?post=9269"}],"version-history":[{"count":1,"href":"https:\/\/www.opinometre.com\/ca\/wp-json\/wp\/v2\/posts\/9269\/revisions"}],"predecessor-version":[{"id":9270,"href":"https:\/\/www.opinometre.com\/ca\/wp-json\/wp\/v2\/posts\/9269\/revisions\/9270"}],"wp:featuredmedia":[{"embeddable":true,"href":"https:\/\/www.opinometre.com\/ca\/wp-json\/wp\/v2\/media\/9266"}],"wp:attachment":[{"href":"https:\/\/www.opinometre.com\/ca\/wp-json\/wp\/v2\/media?parent=9269"}],"wp:term":[{"taxonomy":"category","embeddable":true,"href":"https:\/\/www.opinometre.com\/ca\/wp-json\/wp\/v2\/categories?post=9269"},{"taxonomy":"post_tag","embeddable":true,"href":"https:\/\/www.opinometre.com\/ca\/wp-json\/wp\/v2\/tags?post=9269"}],"curies":[{"name":"wp","href":"https:\/\/api.w.org\/{rel}","templated":true}]}}