{"id":9215,"date":"2024-04-08T12:25:00","date_gmt":"2024-04-08T11:25:00","guid":{"rendered":"https:\/\/www.opinometre.com\/?p=9215"},"modified":"2025-09-29T12:27:55","modified_gmt":"2025-09-29T11:27:55","slug":"linstitut-opinometre-empresa-responsable-de-lenquesta-dusos-linguistics-a-catalunya-edicio-2023-2024","status":"publish","type":"post","link":"https:\/\/www.opinometre.com\/ca\/2024\/04\/08\/linstitut-opinometre-empresa-responsable-de-lenquesta-dusos-linguistics-a-catalunya-edicio-2023-2024\/","title":{"rendered":"L\u2019Institut Opin\u00f2metre, empresa responsable de l&#8217;Enquesta d&#8217;Usos Ling\u00fc\u00edstics a Catalunya, edici\u00f3 2023-2024"},"content":{"rendered":"<section  class='av_textblock_section av-mg51n5wu-b83b9307dfa6aaac3258a60077986566 '   itemscope=\"itemscope\" itemtype=\"https:\/\/schema.org\/BlogPosting\" itemprop=\"blogPost\" ><div class='avia_textblock'  itemprop=\"text\" ><p><img loading=\"lazy\" decoding=\"async\" class=\"size-medium wp-image-9212 alignleft\" src=\"https:\/\/www.opinometre.com\/wp-content\/uploads\/2025\/09\/EPCC2024-300x200.jpg\" alt=\"\" width=\"300\" height=\"200\" srcset=\"https:\/\/www.opinometre.com\/wp-content\/uploads\/2025\/09\/EPCC2024-300x200.jpg 300w, https:\/\/www.opinometre.com\/wp-content\/uploads\/2025\/09\/EPCC2024.jpg 630w\" sizes=\"auto, (max-width: 300px) 100vw, 300px\" \/>L\u2019Enquesta d\u2019usos ling\u00fc\u00edstics de la poblaci\u00f3 2023 \u00e9s una activitat estad\u00edstica oficial que s\u2019ha realitzat entre l\u2019\u00faltima setmana de setembre i el mar\u00e7 de 2024 i que est\u00e0 integrada en el Programa anual d\u2019actuaci\u00f3 estad\u00edstica. La del 2023 \u00e9s la cinquena edici\u00f3 d\u2019aquesta enquesta, que ja es va fer els anys 2003, 2008, 2013 i 2018.\u00a0 L\u2019objectiu de l\u2019EULP \u00e9s con\u00e8ixer la identificaci\u00f3 ling\u00fc\u00edstica i els usos del catal\u00e0 i tamb\u00e9 d\u2019altres lleng\u00fces en els diversos espais de relaci\u00f3 personal de la poblaci\u00f3 catalana, per\u00f2 amb especial inter\u00e8s sobre l\u2019\u00fas espec\u00edfic del catal\u00e0. Amb les dades de l\u2019EULP es poden fer planificacions de les pol\u00edtiques ling\u00fc\u00edstiques i tamb\u00e9 serveixen per emprendre i avaluar accions en el marc de l\u2019\u00fas social de la llengua. L\u2019EULP s\u2019adre\u00e7a a persones de m\u00e9s de 15 anys que estan incloses en el Registre de Poblaci\u00f3 de Catalunya i en total s\u2019entrevisten unes 9.000 persones distribu\u00efdes arreu del territori.<\/p>\n<p>L\u2019enquesta la duu a terme l\u2019<strong>Institut Opin\u00f2metre<\/strong> amb un q\u00fcestionari en l\u00ednea, entrevistes telef\u00f2niques o presencials. L\u2019\u00faltima publicaci\u00f3 d\u2019aquesta enquesta es va publicar el novembre de 2024 a la web de l\u2019Institut d\u2019Estad\u00edstica de Catalunya (IDESCAT).<\/p>\n<\/div><\/section>\n","protected":false},"excerpt":{"rendered":"<p>L\u2019enquesta la duu a terme l\u2019Institut Opin\u00f2metre amb un q\u00fcestionari en l\u00ednea, entrevistes telef\u00f2niques o presencials. L\u2019\u00faltima publicaci\u00f3 d\u2019aquesta enquesta es va publicar el novembre de 2024 a la web de l\u2019Institut d\u2019Estad\u00edstica de Catalunya (IDESCAT).<\/p>\n","protected":false},"author":1,"featured_media":9212,"comment_status":"closed","ping_status":"open","sticky":false,"template":"","format":"standard","meta":{"footnotes":""},"categories":[45,70],"tags":[],"class_list":["post-9215","post","type-post","status-publish","format-standard","has-post-thumbnail","hentry","category-actualitat","category-cultura-i-formacio"],"_links":{"self":[{"href":"https:\/\/www.opinometre.com\/ca\/wp-json\/wp\/v2\/posts\/9215","targetHints":{"allow":["GET"]}}],"collection":[{"href":"https:\/\/www.opinometre.com\/ca\/wp-json\/wp\/v2\/posts"}],"about":[{"href":"https:\/\/www.opinometre.com\/ca\/wp-json\/wp\/v2\/types\/post"}],"author":[{"embeddable":true,"href":"https:\/\/www.opinometre.com\/ca\/wp-json\/wp\/v2\/users\/1"}],"replies":[{"embeddable":true,"href":"https:\/\/www.opinometre.com\/ca\/wp-json\/wp\/v2\/comments?post=9215"}],"version-history":[{"count":1,"href":"https:\/\/www.opinometre.com\/ca\/wp-json\/wp\/v2\/posts\/9215\/revisions"}],"predecessor-version":[{"id":9216,"href":"https:\/\/www.opinometre.com\/ca\/wp-json\/wp\/v2\/posts\/9215\/revisions\/9216"}],"wp:featuredmedia":[{"embeddable":true,"href":"https:\/\/www.opinometre.com\/ca\/wp-json\/wp\/v2\/media\/9212"}],"wp:attachment":[{"href":"https:\/\/www.opinometre.com\/ca\/wp-json\/wp\/v2\/media?parent=9215"}],"wp:term":[{"taxonomy":"category","embeddable":true,"href":"https:\/\/www.opinometre.com\/ca\/wp-json\/wp\/v2\/categories?post=9215"},{"taxonomy":"post_tag","embeddable":true,"href":"https:\/\/www.opinometre.com\/ca\/wp-json\/wp\/v2\/tags?post=9215"}],"curies":[{"name":"wp","href":"https:\/\/api.w.org\/{rel}","templated":true}]}}