{"id":8442,"date":"2022-01-14T12:13:00","date_gmt":"2022-01-14T11:13:00","guid":{"rendered":"https:\/\/www.opinometre.com\/?p=8442"},"modified":"2022-04-11T14:49:01","modified_gmt":"2022-04-11T13:49:01","slug":"enquestes-sobre-la-mobilitat-post-covid19","status":"publish","type":"post","link":"https:\/\/www.opinometre.com\/ca\/2022\/01\/14\/enquestes-sobre-la-mobilitat-post-covid19\/","title":{"rendered":"ENQUESTES SOBRE LA MOBILITAT POST-COVID19"},"content":{"rendered":"<section  class='av_textblock_section av-l1owgnfc-95287983f24ca53b6955b6169dbeeb90 '   itemscope=\"itemscope\" itemtype=\"https:\/\/schema.org\/BlogPosting\" itemprop=\"blogPost\" ><div class='avia_textblock'  itemprop=\"text\" ><h4 style=\"text-align: center;\"><strong>ENQUESTES SOBRE LA MOBILITAT POST-COVID19 A LES \u00c0REES METROPOLITANES DE BARCELONA, CAMP DE TARRAGONA I DE GIRONA, 2022.<\/strong><\/h4>\n<p><img loading=\"lazy\" decoding=\"async\" class=\"size-medium wp-image-8399 alignright\" src=\"https:\/\/www.opinometre.com\/wp-content\/uploads\/2022\/04\/mobilitat-post-covid-210x300.png\" alt=\"\" width=\"210\" height=\"300\" srcset=\"https:\/\/www.opinometre.com\/wp-content\/uploads\/2022\/04\/mobilitat-post-covid-210x300.png 210w, https:\/\/www.opinometre.com\/wp-content\/uploads\/2022\/04\/mobilitat-post-covid.png 488w\" sizes=\"auto, (max-width: 210px) 100vw, 210px\" \/>Opin\u00f2metre ha rebut l\u2019enc\u00e0rrec per realitzar els treball d\u2019assist\u00e8ncia t\u00e8cnica pel que fa refer\u00e8ncia al disseny de la mostra, de la realitzaci\u00f3 dels treball de camp necessari per realitzar l\u2019enquesta, el seu control i el seu seguiment, aix\u00ed com la realitzaci\u00f3 de les tasques de tractament de dades i depuraci\u00f3 de les 6.000 enquestes sobre la mobilitat post-covid19 a l\u2019\u00c0rea Metropolitana de Barcelona, Camp de Tarragona i de Girona. Aquestes enquestes es duen a terme amb fons del projecte d\u2019investigaci\u00f3 amb refer\u00e8ncia 2020 PANDE 0058, amb t\u00edtol \u201cLa sostenibilitat financera i ambiental del sistema de mobilitat en les grans \u00e0rees urbanes de Catalunya despr\u00e9s de la Covid19\u201d, concedit per AGAUR-Generalitat de Catalunya.<\/p>\n<\/div><\/section>\n","protected":false},"excerpt":{"rendered":"<p>La sostenibilitat financera i ambiental del sistema de mobilitat en les grans \u00e0rees urbanes de Catalunya despr\u00e9s de la Covid19<\/p>\n","protected":false},"author":1,"featured_media":8399,"comment_status":"closed","ping_status":"open","sticky":false,"template":"","format":"standard","meta":{"footnotes":""},"categories":[45,68,47],"tags":[],"class_list":["post-8442","post","type-post","status-publish","format-standard","has-post-thumbnail","hentry","category-actualitat","category-mobilitat","category-treballs"],"_links":{"self":[{"href":"https:\/\/www.opinometre.com\/ca\/wp-json\/wp\/v2\/posts\/8442","targetHints":{"allow":["GET"]}}],"collection":[{"href":"https:\/\/www.opinometre.com\/ca\/wp-json\/wp\/v2\/posts"}],"about":[{"href":"https:\/\/www.opinometre.com\/ca\/wp-json\/wp\/v2\/types\/post"}],"author":[{"embeddable":true,"href":"https:\/\/www.opinometre.com\/ca\/wp-json\/wp\/v2\/users\/1"}],"replies":[{"embeddable":true,"href":"https:\/\/www.opinometre.com\/ca\/wp-json\/wp\/v2\/comments?post=8442"}],"version-history":[{"count":1,"href":"https:\/\/www.opinometre.com\/ca\/wp-json\/wp\/v2\/posts\/8442\/revisions"}],"predecessor-version":[{"id":8443,"href":"https:\/\/www.opinometre.com\/ca\/wp-json\/wp\/v2\/posts\/8442\/revisions\/8443"}],"wp:featuredmedia":[{"embeddable":true,"href":"https:\/\/www.opinometre.com\/ca\/wp-json\/wp\/v2\/media\/8399"}],"wp:attachment":[{"href":"https:\/\/www.opinometre.com\/ca\/wp-json\/wp\/v2\/media?parent=8442"}],"wp:term":[{"taxonomy":"category","embeddable":true,"href":"https:\/\/www.opinometre.com\/ca\/wp-json\/wp\/v2\/categories?post=8442"},{"taxonomy":"post_tag","embeddable":true,"href":"https:\/\/www.opinometre.com\/ca\/wp-json\/wp\/v2\/tags?post=8442"}],"curies":[{"name":"wp","href":"https:\/\/api.w.org\/{rel}","templated":true}]}}