{"id":8430,"date":"2021-12-10T11:46:00","date_gmt":"2021-12-10T10:46:00","guid":{"rendered":"https:\/\/www.opinometre.com\/?p=8430"},"modified":"2022-04-11T15:04:24","modified_gmt":"2022-04-11T14:04:24","slug":"enquesta-participacio-cultural-epcc-2021","status":"publish","type":"post","link":"https:\/\/www.opinometre.com\/ca\/2021\/12\/10\/enquesta-participacio-cultural-epcc-2021\/","title":{"rendered":"ENQUESTA DE PARTICIPACI\u00d3 CULTURAL (EPCC), 2021"},"content":{"rendered":"<section  class='av_textblock_section av-l1ovhg7a-1c08c65ba9761fc9f73e7e2c5b49eb48 '   itemscope=\"itemscope\" itemtype=\"https:\/\/schema.org\/BlogPosting\" itemprop=\"blogPost\" ><div class='avia_textblock'  itemprop=\"text\" ><h4 style=\"text-align: center;\">ENQUESTA DE PARTICIPACI\u00d3 CULTURAL (EPCC), 2021<\/h4>\n<h4 style=\"text-align: center;\"><img loading=\"lazy\" decoding=\"async\" class=\"size-medium wp-image-8390 alignleft\" src=\"https:\/\/www.opinometre.com\/wp-content\/uploads\/2022\/04\/epcc-2021-300x168.png\" alt=\"\" width=\"300\" height=\"168\" srcset=\"https:\/\/www.opinometre.com\/wp-content\/uploads\/2022\/04\/epcc-2021-300x168.png 300w, https:\/\/www.opinometre.com\/wp-content\/uploads\/2022\/04\/epcc-2021.png 594w\" sizes=\"auto, (max-width: 300px) 100vw, 300px\" \/><\/h4>\n<p>Institut Opin\u00f2metre ha rebut l\u2019enc\u00e0rrec per realitzar l\u2019Enquesta de Participaci\u00f3 Cultural a Catalunya 2021 (EPCC2021). L\u2019objectiu d\u2019aquesta enquesta, inclosa en el Programa Anual d\u2019Actuaci\u00f3 Estad\u00edstica 2021, \u00e9s con\u00e8ixer el consum efectiu de productes i serveis de car\u00e0cter cultural, i l\u2019estructura dels interessos dels catalans en relaci\u00f3 a la cultura, les seves pr\u00e0ctiques actives i la llengua en qu\u00e8 es realitzen aquestes pr\u00e0ctiques. El desenvolupament del treball de camp ha de permetre mantenir la comparabilitat amb la s\u00e8rie hist\u00f2rica acumulada resultant d\u2019edicions anteriors (2016 a 2020).<\/p>\n<p>L\u2019enquesta s\u2019adre\u00e7a a una mostra representativa de poblaci\u00f3 de 14 anys i m\u00e9s i resident a Catalunya.<\/p>\n<\/div><\/section>\n","protected":false},"excerpt":{"rendered":"<p>Institut Opin\u00f2metre ha rebut l\u2019enc\u00e0rrec per realitzar l\u2019Enquesta de Participaci\u00f3 Cultural a Catalunya 2021 (EPCC2021)<\/p>\n","protected":false},"author":1,"featured_media":8390,"comment_status":"closed","ping_status":"open","sticky":false,"template":"","format":"standard","meta":{"footnotes":""},"categories":[70,47],"tags":[],"class_list":["post-8430","post","type-post","status-publish","format-standard","has-post-thumbnail","hentry","category-cultura-i-formacio","category-treballs"],"_links":{"self":[{"href":"https:\/\/www.opinometre.com\/ca\/wp-json\/wp\/v2\/posts\/8430","targetHints":{"allow":["GET"]}}],"collection":[{"href":"https:\/\/www.opinometre.com\/ca\/wp-json\/wp\/v2\/posts"}],"about":[{"href":"https:\/\/www.opinometre.com\/ca\/wp-json\/wp\/v2\/types\/post"}],"author":[{"embeddable":true,"href":"https:\/\/www.opinometre.com\/ca\/wp-json\/wp\/v2\/users\/1"}],"replies":[{"embeddable":true,"href":"https:\/\/www.opinometre.com\/ca\/wp-json\/wp\/v2\/comments?post=8430"}],"version-history":[{"count":2,"href":"https:\/\/www.opinometre.com\/ca\/wp-json\/wp\/v2\/posts\/8430\/revisions"}],"predecessor-version":[{"id":8496,"href":"https:\/\/www.opinometre.com\/ca\/wp-json\/wp\/v2\/posts\/8430\/revisions\/8496"}],"wp:featuredmedia":[{"embeddable":true,"href":"https:\/\/www.opinometre.com\/ca\/wp-json\/wp\/v2\/media\/8390"}],"wp:attachment":[{"href":"https:\/\/www.opinometre.com\/ca\/wp-json\/wp\/v2\/media?parent=8430"}],"wp:term":[{"taxonomy":"category","embeddable":true,"href":"https:\/\/www.opinometre.com\/ca\/wp-json\/wp\/v2\/categories?post=8430"},{"taxonomy":"post_tag","embeddable":true,"href":"https:\/\/www.opinometre.com\/ca\/wp-json\/wp\/v2\/tags?post=8430"}],"curies":[{"name":"wp","href":"https:\/\/api.w.org\/{rel}","templated":true}]}}