{"id":7982,"date":"2020-02-11T11:58:35","date_gmt":"2020-02-11T10:58:35","guid":{"rendered":"https:\/\/www.opinometre.com\/?p=7982"},"modified":"2020-12-16T13:42:37","modified_gmt":"2020-12-16T12:42:37","slug":"enquesta-de-mobilitat-quotidiana-emq-2020-a-lambit-territorial-de-latm-del-camp-de-tarragona","status":"publish","type":"post","link":"https:\/\/www.opinometre.com\/ca\/2020\/02\/11\/enquesta-de-mobilitat-quotidiana-emq-2020-a-lambit-territorial-de-latm-del-camp-de-tarragona\/","title":{"rendered":"Enquesta de Mobilitat quotidiana (EMQ) 2020 a l\u2019\u00e0mbit territorial de l\u2019ATM del Camp de Tarragona"},"content":{"rendered":"<section  class='av_textblock_section av-kiraxl1a-b54989f31630d26263ef3363661f86f7 '   itemscope=\"itemscope\" itemtype=\"https:\/\/schema.org\/BlogPosting\" itemprop=\"blogPost\" ><div class='avia_textblock'  itemprop=\"text\" ><p>La planificaci\u00f3 territorial, el planejament de les infraestructures vi\u00e0ries i de transport i la planificaci\u00f3 dels serveis de transport requereixen del coneixement dels diversos aspectes de la mobilitat, de les situacions socials quotidianes que en deriven i dels usos, costums, necessitats i distribuci\u00f3 modal de la mobilitat dels ciutadans.<\/p>\n<p><img loading=\"lazy\" decoding=\"async\" class=\"size-full wp-image-7983 alignright\" src=\"https:\/\/www.opinometre.com\/wp-content\/uploads\/2020\/12\/Logo_ATM.png\" alt=\"\" width=\"252\" height=\"252\" srcset=\"https:\/\/www.opinometre.com\/wp-content\/uploads\/2020\/12\/Logo_ATM.png 252w, https:\/\/www.opinometre.com\/wp-content\/uploads\/2020\/12\/Logo_ATM-80x80.png 80w, https:\/\/www.opinometre.com\/wp-content\/uploads\/2020\/12\/Logo_ATM-36x36.png 36w, https:\/\/www.opinometre.com\/wp-content\/uploads\/2020\/12\/Logo_ATM-180x180.png 180w, https:\/\/www.opinometre.com\/wp-content\/uploads\/2020\/12\/Logo_ATM-120x120.png 120w\" sizes=\"auto, (max-width: 252px) 100vw, 252px\" \/><\/p>\n<p>Per aquest motiu s\u2019ha realitzat\u00a0 el treball de camp de l\u2019Enquesta de Mobilitat quotidiana (EMQ) 2020 a l\u2019\u00e0mbit territorial de l\u2019ATM del Camp de Tarragona (comarques de l\u2019Alt Camp, el Baix Camp, el Baix Pened\u00e8s, la Conca de Barber\u00e0, el Priorat i el Tarragon\u00e8s), consistent en el disseny de la mostra, de la realitzaci\u00f3 <strong>13.814 enquestes telef\u00f2niques<\/strong>, el seu control i el seu seguiment, aix\u00ed com la realitzaci\u00f3 de les tasques de tractament de dades i depuraci\u00f3.<\/p>\n<\/div><\/section>\n","protected":false},"excerpt":{"rendered":"<p>La planificaci\u00f3 territorial, el planejament de les infraestructures vi\u00e0ries i de transport i la planificaci\u00f3 dels serveis de transport requereixen del coneixement dels diversos aspectes de la mobilitat<\/p>\n","protected":false},"author":1,"featured_media":7983,"comment_status":"closed","ping_status":"open","sticky":false,"template":"","format":"standard","meta":{"footnotes":""},"categories":[68,46],"tags":[],"class_list":["post-7982","post","type-post","status-publish","format-standard","has-post-thumbnail","hentry","category-mobilitat","category-noticies"],"_links":{"self":[{"href":"https:\/\/www.opinometre.com\/ca\/wp-json\/wp\/v2\/posts\/7982","targetHints":{"allow":["GET"]}}],"collection":[{"href":"https:\/\/www.opinometre.com\/ca\/wp-json\/wp\/v2\/posts"}],"about":[{"href":"https:\/\/www.opinometre.com\/ca\/wp-json\/wp\/v2\/types\/post"}],"author":[{"embeddable":true,"href":"https:\/\/www.opinometre.com\/ca\/wp-json\/wp\/v2\/users\/1"}],"replies":[{"embeddable":true,"href":"https:\/\/www.opinometre.com\/ca\/wp-json\/wp\/v2\/comments?post=7982"}],"version-history":[{"count":4,"href":"https:\/\/www.opinometre.com\/ca\/wp-json\/wp\/v2\/posts\/7982\/revisions"}],"predecessor-version":[{"id":8003,"href":"https:\/\/www.opinometre.com\/ca\/wp-json\/wp\/v2\/posts\/7982\/revisions\/8003"}],"wp:featuredmedia":[{"embeddable":true,"href":"https:\/\/www.opinometre.com\/ca\/wp-json\/wp\/v2\/media\/7983"}],"wp:attachment":[{"href":"https:\/\/www.opinometre.com\/ca\/wp-json\/wp\/v2\/media?parent=7982"}],"wp:term":[{"taxonomy":"category","embeddable":true,"href":"https:\/\/www.opinometre.com\/ca\/wp-json\/wp\/v2\/categories?post=7982"},{"taxonomy":"post_tag","embeddable":true,"href":"https:\/\/www.opinometre.com\/ca\/wp-json\/wp\/v2\/tags?post=7982"}],"curies":[{"name":"wp","href":"https:\/\/api.w.org\/{rel}","templated":true}]}}