{"id":7972,"date":"2020-07-01T11:43:02","date_gmt":"2020-07-01T10:43:02","guid":{"rendered":"https:\/\/www.opinometre.com\/?p=7972"},"modified":"2020-12-16T11:53:21","modified_gmt":"2020-12-16T10:53:21","slug":"serveis-dinformacio-ambiental-en-diferents-espais-de-rellevancia-ambiental-de-les-illes-balears-llocs-dinteres-comunitari-lic","status":"publish","type":"post","link":"https:\/\/www.opinometre.com\/ca\/2020\/07\/01\/serveis-dinformacio-ambiental-en-diferents-espais-de-rellevancia-ambiental-de-les-illes-balears-llocs-dinteres-comunitari-lic\/","title":{"rendered":"Serveis d&#8217;informaci\u00f3 ambiental en diferents espais de rellev\u00e0ncia ambiental de les Illes Balears Llocs d&#8217;Inter\u00e8s Comunitari (LIC)"},"content":{"rendered":"<section  class='av_textblock_section av-kirabrj1-5f798f949146e73da7f237b84d2a9a4d '   itemscope=\"itemscope\" itemtype=\"https:\/\/schema.org\/BlogPosting\" itemprop=\"blogPost\" ><div class='avia_textblock'  itemprop=\"text\" ><p><img loading=\"lazy\" decoding=\"async\" class=\"size-medium wp-image-7973 alignleft\" src=\"https:\/\/www.opinometre.com\/wp-content\/uploads\/2020\/12\/Bandera-UE-300x225.jpg\" alt=\"\" width=\"300\" height=\"225\" srcset=\"https:\/\/www.opinometre.com\/wp-content\/uploads\/2020\/12\/Bandera-UE-300x225.jpg 300w, https:\/\/www.opinometre.com\/wp-content\/uploads\/2020\/12\/Bandera-UE-450x337.jpg 450w, https:\/\/www.opinometre.com\/wp-content\/uploads\/2020\/12\/Bandera-UE.jpg 597w\" sizes=\"auto, (max-width: 300px) 100vw, 300px\" \/>Durant l\u2019estiu de 2020 es va realitzar un servei d\u2019Informadors Ambientals a les illes de Mallorca, Menorca, Eivissa i Formentera.<\/p>\n<p>La missi\u00f3 del informador va ser poder explicar als visitants dels LIC\u2019s la normativa d\u2019\u00fas p\u00fablic vigent, concretament: els l\u00edmits de l\u2019espai, el r\u00e8gim d\u2019usos segons la zonificaci\u00f3, activitats permeses i excloses, r\u00e8gims d\u2019autoritzacions i bones pr\u00e0ctiques; aix\u00ed com dels serveis que podien trobar en aquests espais (transport p\u00fablic, aparcaments, serveis de socorrisme, punts de descans, disponibilitat d\u2019aigua potable, etc).<\/p>\n<p>Aquest servei continuar\u00e0 vigent durant l\u2019estiu de 2021.<\/p>\n<\/div><\/section>\n","protected":false},"excerpt":{"rendered":"<p>Durant l\u2019estiu de 2020 es va realitzar un servei d\u2019Informadors Ambientals a les illes de Mallorca, Menorca, Eivissa i Formentera.<\/p>\n","protected":false},"author":1,"featured_media":7973,"comment_status":"closed","ping_status":"open","sticky":false,"template":"","format":"standard","meta":{"footnotes":""},"categories":[46,47],"tags":[],"class_list":["post-7972","post","type-post","status-publish","format-standard","has-post-thumbnail","hentry","category-noticies","category-treballs"],"_links":{"self":[{"href":"https:\/\/www.opinometre.com\/ca\/wp-json\/wp\/v2\/posts\/7972","targetHints":{"allow":["GET"]}}],"collection":[{"href":"https:\/\/www.opinometre.com\/ca\/wp-json\/wp\/v2\/posts"}],"about":[{"href":"https:\/\/www.opinometre.com\/ca\/wp-json\/wp\/v2\/types\/post"}],"author":[{"embeddable":true,"href":"https:\/\/www.opinometre.com\/ca\/wp-json\/wp\/v2\/users\/1"}],"replies":[{"embeddable":true,"href":"https:\/\/www.opinometre.com\/ca\/wp-json\/wp\/v2\/comments?post=7972"}],"version-history":[{"count":2,"href":"https:\/\/www.opinometre.com\/ca\/wp-json\/wp\/v2\/posts\/7972\/revisions"}],"predecessor-version":[{"id":7981,"href":"https:\/\/www.opinometre.com\/ca\/wp-json\/wp\/v2\/posts\/7972\/revisions\/7981"}],"wp:featuredmedia":[{"embeddable":true,"href":"https:\/\/www.opinometre.com\/ca\/wp-json\/wp\/v2\/media\/7973"}],"wp:attachment":[{"href":"https:\/\/www.opinometre.com\/ca\/wp-json\/wp\/v2\/media?parent=7972"}],"wp:term":[{"taxonomy":"category","embeddable":true,"href":"https:\/\/www.opinometre.com\/ca\/wp-json\/wp\/v2\/categories?post=7972"},{"taxonomy":"post_tag","embeddable":true,"href":"https:\/\/www.opinometre.com\/ca\/wp-json\/wp\/v2\/tags?post=7972"}],"curies":[{"name":"wp","href":"https:\/\/api.w.org\/{rel}","templated":true}]}}