{"id":7295,"date":"2019-04-26T17:39:57","date_gmt":"2019-04-26T16:39:57","guid":{"rendered":"https:\/\/www.opinometre.com\/?p=7295"},"modified":"2019-12-20T19:40:51","modified_gmt":"2019-12-20T18:40:51","slug":"enquesta-llengues-estrangeres-uab","status":"publish","type":"post","link":"https:\/\/www.opinometre.com\/ca\/2019\/04\/26\/enquesta-llengues-estrangeres-uab\/","title":{"rendered":"Enquesta de lleng\u00fces estrangeres UAB"},"content":{"rendered":"\n<style type=\"text\/css\" data-created_by=\"avia_inline_auto\" id=\"style-css-av-av_one_full-25347b0a799d5b9f7058434b2a9c3182\">\n.flex_column.av-av_one_full-25347b0a799d5b9f7058434b2a9c3182{\nborder-radius:0px 0px 0px 0px;\npadding:0px 0px 0px 0px;\n}\n<\/style>\n<div  class='flex_column av-av_one_full-25347b0a799d5b9f7058434b2a9c3182 av_one_full  avia-builder-el-0  el_before_av_one_full  avia-builder-el-first  first flex_column_div av-zero-column-padding  '     ><section  class='av_textblock_section av-k4ei1ixs-9ad71019f02b04ed4dd348b83193e540 '   itemscope=\"itemscope\" itemtype=\"https:\/\/schema.org\/BlogPosting\" itemprop=\"blogPost\" ><div class='avia_textblock'  itemprop=\"text\" ><h3>Enquesta de lleng\u00fces estrangeres UAB<\/h3>\n<\/div><\/section><\/div>\n<style type=\"text\/css\" data-created_by=\"avia_inline_auto\" id=\"style-css-av-24m01b-9cc5f722ac0a3a8e6b96b439df13ee60\">\n.flex_column.av-24m01b-9cc5f722ac0a3a8e6b96b439df13ee60{\nborder-radius:0px 0px 0px 0px;\npadding:0px 0px 0px 0px;\n}\n<\/style>\n<div  class='flex_column av-24m01b-9cc5f722ac0a3a8e6b96b439df13ee60 av_one_full  avia-builder-el-2  el_after_av_one_full  avia-builder-el-last  first flex_column_div av-zero-column-padding  column-top-margin'     ><section  class='av_textblock_section av-k4edpolh-8db256e49879609d76140e38ae886b69 '   itemscope=\"itemscope\" itemtype=\"https:\/\/schema.org\/BlogPosting\" itemprop=\"blogPost\" ><div class='avia_textblock'  itemprop=\"text\" ><p><img loading=\"lazy\" decoding=\"async\" class=\"size-medium wp-image-7227 alignleft\" src=\"https:\/\/www.opinometre.com\/wp-content\/uploads\/2019\/12\/aud-idiomes-300x200.jpeg\" alt=\"\" width=\"300\" height=\"200\" srcset=\"https:\/\/www.opinometre.com\/wp-content\/uploads\/2019\/12\/aud-idiomes-300x200.jpeg 300w, https:\/\/www.opinometre.com\/wp-content\/uploads\/2019\/12\/aud-idiomes-768x512.jpeg 768w, https:\/\/www.opinometre.com\/wp-content\/uploads\/2019\/12\/aud-idiomes-1030x686.jpeg 1030w, https:\/\/www.opinometre.com\/wp-content\/uploads\/2019\/12\/aud-idiomes-1500x1000.jpeg 1500w, https:\/\/www.opinometre.com\/wp-content\/uploads\/2019\/12\/aud-idiomes-705x470.jpeg 705w, https:\/\/www.opinometre.com\/wp-content\/uploads\/2019\/12\/aud-idiomes-450x300.jpeg 450w, https:\/\/www.opinometre.com\/wp-content\/uploads\/2019\/12\/aud-idiomes.jpeg 1880w\" sizes=\"auto, (max-width: 300px) 100vw, 300px\" \/>L\u2019<strong>Institut Opin\u00f2metre<\/strong> ha realitzat l\u2019<strong>Enquesta de necessitats i demandes relacionades amb la formaci\u00f3 de lleng\u00fces estrangeres<\/strong> als serveis ling\u00fc\u00edstics de les universitats catalanes, per enc\u00e0rrec de la <strong>Comissi\u00f3 Interuniversit\u00e0ria de Formaci\u00f3 i Acreditaci\u00f3 Ling\u00fc\u00edstiques de Catalunya<\/strong> (CIFALC)<\/p>\n<p>L\u2019objectiu de l\u2019estudi ha estat con\u00e8ixer les causes del descens en la matr\u00edcula en cursos regulars de lleng\u00fces estrangeres als serveis ling\u00fc\u00edstics universitaris.<\/p>\n<p>La metodologia ha estat doble (<strong>quantitativa i qualitativa<\/strong>) i s\u2019ha realitzat en 3 fases per maximitzar l\u2019efici\u00e8ncia metodol\u00f2gica: una primera fase qualitativa (3 FG) per establir el q\u00fcestionari; una segona quantitativa multicanal (telef\u00f2nica per adults, presencial per a estudiants de batxillerat i auto-administrada per ordinador per a universitaris), i una tercera d\u2019an\u00e0lisi (4 FG). En total s\u2019han realitzat <strong>7 focus group i 2.457 enquestes<\/strong>.<\/p>\n<\/div><\/section><\/div><\/p>\n","protected":false},"excerpt":{"rendered":"<p>L\u2019Institut Opin\u00f2metre ha realitzat l\u2019Enquesta de necessitats i demandes relacionades amb la formaci\u00f3 de lleng\u00fces estrangeres als serveis ling\u00fc\u00edstics de les universitats catalanes, per enc\u00e0rrec de la Comissi\u00f3 Interuniversit\u00e0ria de Formaci\u00f3 i Acreditaci\u00f3 Ling\u00fc\u00edstiques de Catalunya (CIFALC)<\/p>\n","protected":false},"author":1,"featured_media":7227,"comment_status":"closed","ping_status":"open","sticky":false,"template":"","format":"standard","meta":{"footnotes":""},"categories":[70],"tags":[],"class_list":["post-7295","post","type-post","status-publish","format-standard","has-post-thumbnail","hentry","category-cultura-i-formacio"],"_links":{"self":[{"href":"https:\/\/www.opinometre.com\/ca\/wp-json\/wp\/v2\/posts\/7295","targetHints":{"allow":["GET"]}}],"collection":[{"href":"https:\/\/www.opinometre.com\/ca\/wp-json\/wp\/v2\/posts"}],"about":[{"href":"https:\/\/www.opinometre.com\/ca\/wp-json\/wp\/v2\/types\/post"}],"author":[{"embeddable":true,"href":"https:\/\/www.opinometre.com\/ca\/wp-json\/wp\/v2\/users\/1"}],"replies":[{"embeddable":true,"href":"https:\/\/www.opinometre.com\/ca\/wp-json\/wp\/v2\/comments?post=7295"}],"version-history":[{"count":2,"href":"https:\/\/www.opinometre.com\/ca\/wp-json\/wp\/v2\/posts\/7295\/revisions"}],"predecessor-version":[{"id":7377,"href":"https:\/\/www.opinometre.com\/ca\/wp-json\/wp\/v2\/posts\/7295\/revisions\/7377"}],"wp:featuredmedia":[{"embeddable":true,"href":"https:\/\/www.opinometre.com\/ca\/wp-json\/wp\/v2\/media\/7227"}],"wp:attachment":[{"href":"https:\/\/www.opinometre.com\/ca\/wp-json\/wp\/v2\/media?parent=7295"}],"wp:term":[{"taxonomy":"category","embeddable":true,"href":"https:\/\/www.opinometre.com\/ca\/wp-json\/wp\/v2\/categories?post=7295"},{"taxonomy":"post_tag","embeddable":true,"href":"https:\/\/www.opinometre.com\/ca\/wp-json\/wp\/v2\/tags?post=7295"}],"curies":[{"name":"wp","href":"https:\/\/api.w.org\/{rel}","templated":true}]}}