{"id":7289,"date":"2019-05-20T17:32:18","date_gmt":"2019-05-20T16:32:18","guid":{"rendered":"https:\/\/www.opinometre.com\/?p=7289"},"modified":"2019-12-20T19:40:14","modified_gmt":"2019-12-20T18:40:14","slug":"enquesta-mobilitat-comunitat-universitaria-uab","status":"publish","type":"post","link":"https:\/\/www.opinometre.com\/ca\/2019\/05\/20\/enquesta-mobilitat-comunitat-universitaria-uab\/","title":{"rendered":"Enquesta de mobilitat a la comunitat universit\u00e0ria de la UAB"},"content":{"rendered":"\n<style type=\"text\/css\" data-created_by=\"avia_inline_auto\" id=\"style-css-av-av_one_full-25347b0a799d5b9f7058434b2a9c3182\">\n.flex_column.av-av_one_full-25347b0a799d5b9f7058434b2a9c3182{\nborder-radius:0px 0px 0px 0px;\npadding:0px 0px 0px 0px;\n}\n<\/style>\n<div  class='flex_column av-av_one_full-25347b0a799d5b9f7058434b2a9c3182 av_one_full  avia-builder-el-0  el_before_av_one_full  avia-builder-el-first  first flex_column_div av-zero-column-padding  '     ><section  class='av_textblock_section av-k4ei0gz6-309a59a5b2ea223bb6aa913647503e9a '   itemscope=\"itemscope\" itemtype=\"https:\/\/schema.org\/BlogPosting\" itemprop=\"blogPost\" ><div class='avia_textblock'  itemprop=\"text\" ><h3>Enquesta de mobilitat a la comunitat universit\u00e0ria de la UAB<\/h3>\n<\/div><\/section><\/div>\n<style type=\"text\/css\" data-created_by=\"avia_inline_auto\" id=\"style-css-av-1tz761-c61c30a22195611595c70e9e934c26d2\">\n.flex_column.av-1tz761-c61c30a22195611595c70e9e934c26d2{\nborder-radius:0px 0px 0px 0px;\npadding:0px 0px 0px 0px;\n}\n<\/style>\n<div  class='flex_column av-1tz761-c61c30a22195611595c70e9e934c26d2 av_one_full  avia-builder-el-2  el_after_av_one_full  avia-builder-el-last  first flex_column_div av-zero-column-padding  column-top-margin'     ><section  class='av_textblock_section av-k4edfo0a-661b997a2a5c6cd04824189ad331eb74 '   itemscope=\"itemscope\" itemtype=\"https:\/\/schema.org\/BlogPosting\" itemprop=\"blogPost\" ><div class='avia_textblock'  itemprop=\"text\" ><p>L&#8217;<strong>Institut Opin\u00f2metre<\/strong> ha estat l\u2019encarregat de realitzar l\u2019<strong>enquesta d\u2019h\u00e0bits de mobilitat de la comunitat universit\u00e0ria de la UAB<\/strong> en la seva edici\u00f3 de 2019. L\u2019enquesta es realitza des del 2001 i des del 2009 t\u00e9 car\u00e0cter biennal, sent l\u2019actual la desena edici\u00f3.<\/p>\n<p><img loading=\"lazy\" decoding=\"async\" class=\"wp-image-7251 size-medium alignright\" src=\"https:\/\/www.opinometre.com\/wp-content\/uploads\/2019\/12\/uab-bus-300x169.jpg\" alt=\"\" width=\"300\" height=\"169\" srcset=\"https:\/\/www.opinometre.com\/wp-content\/uploads\/2019\/12\/uab-bus-300x169.jpg 300w, https:\/\/www.opinometre.com\/wp-content\/uploads\/2019\/12\/uab-bus-450x253.jpg 450w, https:\/\/www.opinometre.com\/wp-content\/uploads\/2019\/12\/uab-bus.jpg 480w\" sizes=\"auto, (max-width: 300px) 100vw, 300px\" \/><\/p>\n<p>L\u2019enquesta ha volgut establir una radiografia fidel de la mobilitat de la comunitat universit\u00e0ria de la UAB: els h\u00e0bits de mobilitat dels usuaris de la universitat, l\u2019opini\u00f3 sobre els mitjans d\u2019acc\u00e9s al campus i la valoraci\u00f3 de l\u2019estat de l\u2019aparcament.<\/p>\n<p>L\u2019enquesta s\u2019ha realitzat entre els mesos de febrer i maig de 2019 amb metodologia <strong>CAWI<\/strong> (enquesta auto-administrada per Internet) entre tots els col\u00b7lectius de la comunitat universit\u00e0ria: <strong>alumnat de grau; alumnat de m\u00e0ster, post-grau i doctorat; personal docent i investigador (PDI + Esfera), i personal de servei (PAS)<\/strong>, obtenint-se una mostra de 4.241 enquestes.<\/p>\n<p>Si voleu m\u00e9s informaci\u00f3 sobre l\u2019enquesta, ho teniu en el seg\u00fcent enlla\u00e7:<\/p>\n<p><a href=\"https:\/\/www.uab.cat\/web\/enquesta-de-mobilitat\/enquesta-d-habits-de-mobilitat-1345796060394.html\">https:\/\/www.uab.cat\/web\/enquesta-de-mobilitat\/enquesta-d-habits-de-mobilitat-1345796060394.html<\/a><\/p>\n<\/div><\/section><\/div><\/p>\n","protected":false},"excerpt":{"rendered":"<p>Opin\u00f2metre ha estat l\u2019encarregat de realitzar l\u2019enquesta d\u2019h\u00e0bits de mobilitat de la comunitat universit\u00e0ria de la UAB en la seva edici\u00f3 de 2019. L\u2019enquesta es realitza des del 2001 i des del 2009 t\u00e9 car\u00e0cter biennal, sent l\u2019actual la desena edici\u00f3<\/p>\n","protected":false},"author":1,"featured_media":7251,"comment_status":"closed","ping_status":"open","sticky":false,"template":"","format":"standard","meta":{"footnotes":""},"categories":[68],"tags":[],"class_list":["post-7289","post","type-post","status-publish","format-standard","has-post-thumbnail","hentry","category-mobilitat"],"_links":{"self":[{"href":"https:\/\/www.opinometre.com\/ca\/wp-json\/wp\/v2\/posts\/7289","targetHints":{"allow":["GET"]}}],"collection":[{"href":"https:\/\/www.opinometre.com\/ca\/wp-json\/wp\/v2\/posts"}],"about":[{"href":"https:\/\/www.opinometre.com\/ca\/wp-json\/wp\/v2\/types\/post"}],"author":[{"embeddable":true,"href":"https:\/\/www.opinometre.com\/ca\/wp-json\/wp\/v2\/users\/1"}],"replies":[{"embeddable":true,"href":"https:\/\/www.opinometre.com\/ca\/wp-json\/wp\/v2\/comments?post=7289"}],"version-history":[{"count":2,"href":"https:\/\/www.opinometre.com\/ca\/wp-json\/wp\/v2\/posts\/7289\/revisions"}],"predecessor-version":[{"id":7374,"href":"https:\/\/www.opinometre.com\/ca\/wp-json\/wp\/v2\/posts\/7289\/revisions\/7374"}],"wp:featuredmedia":[{"embeddable":true,"href":"https:\/\/www.opinometre.com\/ca\/wp-json\/wp\/v2\/media\/7251"}],"wp:attachment":[{"href":"https:\/\/www.opinometre.com\/ca\/wp-json\/wp\/v2\/media?parent=7289"}],"wp:term":[{"taxonomy":"category","embeddable":true,"href":"https:\/\/www.opinometre.com\/ca\/wp-json\/wp\/v2\/categories?post=7289"},{"taxonomy":"post_tag","embeddable":true,"href":"https:\/\/www.opinometre.com\/ca\/wp-json\/wp\/v2\/tags?post=7289"}],"curies":[{"name":"wp","href":"https:\/\/api.w.org\/{rel}","templated":true}]}}