{"id":5236,"date":"2019-01-30T17:12:02","date_gmt":"2019-01-30T16:12:02","guid":{"rendered":"https:\/\/www.opinometre.com\/?p=5236"},"modified":"2019-03-19T14:38:13","modified_gmt":"2019-03-19T13:38:13","slug":"linstitut-opinometre-participa-al-gem","status":"publish","type":"post","link":"https:\/\/www.opinometre.com\/ca\/2019\/01\/30\/linstitut-opinometre-participa-al-gem\/","title":{"rendered":"L\u2019Institut Opin\u00f2metre participa al GEM"},"content":{"rendered":"<section  class='av_textblock_section av-jtejuxqo-1ae34154985a58349e8d1b937beb041a '   itemscope=\"itemscope\" itemtype=\"https:\/\/schema.org\/BlogPosting\" itemprop=\"blogPost\" ><div class='avia_textblock'  itemprop=\"text\" ><p>El Global Entrepreneurship Monitor (GEM) \u00e9s un projecte d\u2019investigaci\u00f3 que es fa des de fa 20 anys i que t\u00e9 per objectiu\u00a0<strong>l\u2019obtenci\u00f3 de dades sobre<\/strong>\u00a0l\u2019<strong>activitat emprenedora<\/strong>\u00a0<strong>arreu del m\u00f3n<\/strong>, a partir d\u2019una extensa xarxa internacional que engloba en l\u2019actualitat m\u00e9s\u00a0<strong>de 49 pa\u00efsos<\/strong>\u00a0demostrant aix\u00ed que l\u2019informe \u00e9s un referent mundial en l\u2019estudi de l\u2019activitat emprenedora.<\/p>\n<p>En concret, l\u2019Institut Opin\u00f2metre participem com\u00a0<strong>a prove\u00efdor d\u2019enquestes de l\u2019estat espanyol i com a assessors t\u00e8cnics en la redacci\u00f3 de l\u2019informe d\u2019Ar\u00e0bia Saudita i supervisors de la realitzaci\u00f3 del treball de camp en aquest pa\u00eds i en els Emirats \u00c0rabs Units<\/strong>.<\/p>\n<p><img loading=\"lazy\" decoding=\"async\" class=\"alignleft wp-image-5238 size-full\" src=\"https:\/\/www.opinometre.com\/wp-content\/uploads\/2019\/03\/IMG-20190124-WA0000-225x300.jpg\" alt=\"\" width=\"225\" height=\"300\" \/>Un aspecte que cal ressaltar \u00e9s que enguany\u00a0<strong>s\u2019ha presentat per primera vegada un nou \u00edndex<\/strong>\u00a0anomenat NECI (National Entrepreneurship Context Index) o \u00cdndex Nacional d\u2019Estat del Context per Emprendre,\u00a0<strong>que proporciona\u00a0<\/strong>en una sola xifra<strong>\u00a0la nota que t\u00e9 el context global d\u2019un pa\u00eds pel que fa al desenvolupament d\u2019activitats emprenedores<\/strong>. Aquest \u00edndex l\u2019ha creat la Dra. Alicia Coduras, T\u00e9cnica Superior Estad\u00edstica de l\u2019Institut Opin\u00f2metre \u00a0pel que fa a la seva conceptualitzaci\u00f3 y formula matem\u00e0tica.\u00a0<strong>Gr\u00e0cies a aquest \u00edndex, que \u00e9s una mitjana ponderada dels 12 pilars que composen les principals condicions del context per emprenedors\u00a0<\/strong>(finan\u00e7ament, pol\u00edtiques i programes governamentals, educaci\u00f3 i formaci\u00f3 emprenedora, transfer\u00e8ncia d\u2019I+D, infraestructura legal i comercial, \u00a0estat del mercat intern, infraestructura f\u00edsica i de serveis i normes socials i culturals)\u00a0<strong>s\u2019ha pogut establir, per primera vegada, un r\u00e0nquing que proporciona la posici\u00f3 relativa dels pa\u00efsos<\/strong>\u00a0en aquest apartat. La ponderaci\u00f3 es fa a partir de la import\u00e0ncia que han atorgat els experts que avaluen aquestes condicions a les mateixes pel que fa a la seva contribuci\u00f3 a l\u2019any en curs a l\u2019estat global de l\u2019entorn per emprendre.\u00a0L\u2019informe GEM Espanya es presentar\u00e0 en els propers mesos.<\/p>\n<p>Alguns titulars de l\u2019informe:<\/p>\n<ul>\n<li>Gaireb\u00e9\u00a0<strong>1 de cada 5 emprenedors treballen amb els seus familiars<\/strong>. Col\u00f2mbia, els Emirats \u00c0rabs i l\u2019Uruguai son els pa\u00efsos amb el nivell m\u00e9s alt de l\u2019empresariat familiar, on l\u2019emprenedoria familiar significa m\u00e9s s\u2019un ter\u00e7 dels emprenedors.<\/li>\n<li><strong>El pa\u00eds amb la taxa m\u00e9s elevada de\u00a0<em>gig economy<\/em>\u00a0<\/strong>(negocis propis desenvolupats amb suport d\u2019eines digitals)<strong>\u00a0i d\u2019economia col\u00b7laborativa , \u00e9s la Rep\u00fablica de Corea<\/strong>\u00a0(m\u00e9s del 20% de la poblaci\u00f3 adulta). Israel, Xile, Irlanda i els Estats Units tamb\u00e9 compten amb altes taxes de\u00a0<em>gig economy<\/em>\u00a0i d\u2019economia col\u00b7laborativa, amb la participaci\u00f3 de m\u00e9s del 10% de la poblaci\u00f3 adulta en aquestes activitats.\u00a0 Aquesta nova comparaci\u00f3 internacional mostra que la implicaci\u00f3 en aquesta activitat economia \u00e9s significatiu arreu del m\u00f3n.<\/li>\n<li>En les economies d\u2019ingressos baixos, els comer\u00e7os a l\u2019engr\u00f2s representen m\u00e9s de la meitat dels emprenedors. En canvi<strong>, a les economies d\u2019alts ingressos, gaireb\u00e9 el 50% o m\u00e9s de l\u2019activitat emprenedora t\u00e9 lloc en ind\u00fastries de serveis o tecnolog\u00eda<\/strong>.<\/li>\n<li>En tres pa\u00efsos d\u2019Europa (Pa\u00efsos Baixos, Pol\u00f2nia i Su\u00e8cia) prop de tres quartes parts dels adults declaren que \u00e9s f\u00e0cil iniciar un negoci en els seus pa\u00efsos, els percentatges m\u00e9s alts de les 49 economies estudiades.\u00a0<strong>Als Pa\u00efsos Baixos, Pol\u00f2nia, Turquia, Tail\u00e0ndia, Guatemala i Madagascar, m\u00e9s del 80% de les persones pensen que \u00a0emprendre \u00e9s una bona oportunitat de futur<\/strong>. Tail\u00e0ndia tamb\u00e9 \u00e9s el pa\u00eds on hi ha la percepci\u00f3 m\u00e9s elevada (87% de la poblaci\u00f3 adulta) de que els mitjans de comunicaci\u00f3 representen als emprenedors positivament. Finalment, Su\u00e8cia, \u00e9s l\u2019economia m\u00e9s destacada pel que fa a percepci\u00f3 d\u2019exist\u00e8ncia d\u2019oportunitats emprenedores: el 82% dels adults creuen que hi ha moltes oportunitats al seu pa\u00eds per crear noves empreses.<\/li>\n<\/ul>\n<p><strong>Podeu descarregar l\u2019informe sencer en\u00a0<a href=\"https:\/\/www.gemconsortium.org\/report\/50213\">aquest link<\/a><\/strong><\/p>\n<\/div><\/section>\n","protected":false},"excerpt":{"rendered":"<p>El Global Entrepreneurship Monitor (GEM) \u00e9s un projecte d\u2019investigaci\u00f3 que es fa des de fa 20 anys i que t\u00e9 per objectiu\u00a0l\u2019obtenci\u00f3 de dades sobre\u00a0l\u2019activitat emprenedora\u00a0arreu del m\u00f3n, a partir d\u2019una extensa xarxa internacional que engloba en l\u2019actualitat m\u00e9s\u00a0de 49 pa\u00efsos\u00a0demostrant aix\u00ed que l\u2019informe \u00e9s un referent mundial en l\u2019estudi de l\u2019activitat emprenedora.<\/p>\n","protected":false},"author":1,"featured_media":5010,"comment_status":"closed","ping_status":"open","sticky":false,"template":"","format":"standard","meta":{"footnotes":""},"categories":[45,46],"tags":[],"class_list":["post-5236","post","type-post","status-publish","format-standard","has-post-thumbnail","hentry","category-actualitat","category-noticies"],"_links":{"self":[{"href":"https:\/\/www.opinometre.com\/ca\/wp-json\/wp\/v2\/posts\/5236","targetHints":{"allow":["GET"]}}],"collection":[{"href":"https:\/\/www.opinometre.com\/ca\/wp-json\/wp\/v2\/posts"}],"about":[{"href":"https:\/\/www.opinometre.com\/ca\/wp-json\/wp\/v2\/types\/post"}],"author":[{"embeddable":true,"href":"https:\/\/www.opinometre.com\/ca\/wp-json\/wp\/v2\/users\/1"}],"replies":[{"embeddable":true,"href":"https:\/\/www.opinometre.com\/ca\/wp-json\/wp\/v2\/comments?post=5236"}],"version-history":[{"count":5,"href":"https:\/\/www.opinometre.com\/ca\/wp-json\/wp\/v2\/posts\/5236\/revisions"}],"predecessor-version":[{"id":6908,"href":"https:\/\/www.opinometre.com\/ca\/wp-json\/wp\/v2\/posts\/5236\/revisions\/6908"}],"wp:featuredmedia":[{"embeddable":true,"href":"https:\/\/www.opinometre.com\/ca\/wp-json\/wp\/v2\/media\/5010"}],"wp:attachment":[{"href":"https:\/\/www.opinometre.com\/ca\/wp-json\/wp\/v2\/media?parent=5236"}],"wp:term":[{"taxonomy":"category","embeddable":true,"href":"https:\/\/www.opinometre.com\/ca\/wp-json\/wp\/v2\/categories?post=5236"},{"taxonomy":"post_tag","embeddable":true,"href":"https:\/\/www.opinometre.com\/ca\/wp-json\/wp\/v2\/tags?post=5236"}],"curies":[{"name":"wp","href":"https:\/\/api.w.org\/{rel}","templated":true}]}}